{"id":460,"date":"2024-03-11T07:11:17","date_gmt":"2024-03-11T06:11:17","guid":{"rendered":"https:\/\/periodicolarepublica.com\/?p=460"},"modified":"2024-03-11T07:11:17","modified_gmt":"2024-03-11T06:11:17","slug":"ministro-de-economia-afirma-que-el-aporte-de-las-inversiones-turisticas-aportan-al-crecimiento-y-al-desarrollo-de-la-republica-dominicana","status":"publish","type":"post","link":"https:\/\/periodicolarepublica.com\/index.php\/2024\/03\/11\/ministro-de-economia-afirma-que-el-aporte-de-las-inversiones-turisticas-aportan-al-crecimiento-y-al-desarrollo-de-la-republica-dominicana\/","title":{"rendered":"Ministro de Econom\u00eda afirma que el aporte de las inversiones tur\u00edsticas aportan al crecimiento y al desarrollo de la Rep\u00fablica Dominicana\u00a0"},"content":{"rendered":"<p><img loading=\"lazy\" decoding=\"async\" class=\"alignnone size-medium wp-image-461\" src=\"https:\/\/periodicolarepublica.com\/wp-content\/uploads\/2024\/03\/IMG_20240311_020839-300x191.jpg\" alt=\"\" width=\"300\" height=\"191\" srcset=\"https:\/\/periodicolarepublica.com\/wp-content\/uploads\/2024\/03\/IMG_20240311_020839-300x191.jpg?v=1715379810 300w, https:\/\/periodicolarepublica.com\/wp-content\/uploads\/2024\/03\/IMG_20240311_020839-768x488.jpg?v=1715379810 768w, https:\/\/periodicolarepublica.com\/wp-content\/uploads\/2024\/03\/IMG_20240311_020839-150x95.jpg?v=1715379810 150w, https:\/\/periodicolarepublica.com\/wp-content\/uploads\/2024\/03\/IMG_20240311_020839-600x381.jpg?v=1715379810 600w, https:\/\/periodicolarepublica.com\/wp-content\/uploads\/2024\/03\/IMG_20240311_020839-696x442.jpg?v=1715379810 696w, https:\/\/periodicolarepublica.com\/wp-content\/uploads\/2024\/03\/IMG_20240311_020839.jpg?v=1715379810 853w\" sizes=\"auto, (max-width: 300px) 100vw, 300px\" \/><\/p>\n<p>El ministro de Econom\u00eda, Planificaci\u00f3n y Desarrollo, P\u00e1vel Isa Contreras , destac\u00f3 que \u00e9xito del \u201cmilagro dominicano\u201d est\u00e1 en la inversi\u00f3n privada, especialmente en el turismo y las remesas . Ofreci\u00f3 la cifra de que entre 2019 y 2023,, la inversi\u00f3n como proporci\u00f3n del Producto Interno Bruto pas\u00f3 del cerca del 24% al 30 %.<\/p>\n<p>El ministro de Econom\u00eda, Planificaci\u00f3n y Desarrollo, P\u00e1vel Isa Contreras, afirm\u00f3 que las inversiones en turismo y el alto flujo de remesesas contribuyen en positivo al desarrollo de la Rep\u00fablica Dominicana.<\/p>\n<p>El ministro de Econom\u00eda del pa\u00eds caribe\u00f1o, cuyas cifras de crecimiento lidera las econom\u00edas latinoamericanas en los \u00faltimos a\u00f1os (5% promedio), verti\u00f3 estas declaraciones durante una entrevista de la periodista Isabelle Cota del peri\u00f3dico espa\u00f1ol El Pa\u00eds en el marco de la Reuni\u00f3n Anual de Gobernadores del Banco Interamericano de Desarrollo (BID) realizada la semana pasada en este polo tur\u00edstico.<\/p>\n<p>Destac\u00f3 que el \u00e9xito del \u201cmilagro dominicano\u201d est\u00e1 en la inversi\u00f3n privada, especialmente en el turismo y las remesas \u201cEntre 2019 y 2023, la inversi\u00f3n como proporci\u00f3n del Producto Interno Bruto pas\u00f3 del cerca del 24% al 30 % , indic\u00f3.<\/p>\n<p>Explic\u00f3 que la alta tasa de crecimiento dominicano en las econom\u00edas del sudeste asi\u00e1tico durante la \u00e9poca del boom en sus econom\u00edas , como en el caso de Singapur.<\/p>\n<p>Isa Contreras reconoci\u00f3 que, a pesar de los relevantes avances econ\u00f3micos y sociales alcanzados por la Rep\u00fablica Dominicana, a su juicio, los desaf\u00edos siguen siendo notorios y significativos.<\/p>\n","protected":false},"excerpt":{"rendered":"<p>El ministro de Econom\u00eda, Planificaci\u00f3n y Desarrollo, P\u00e1vel Isa Contreras , destac\u00f3 que \u00e9xito del \u201cmilagro dominicano\u201d est\u00e1 en la inversi\u00f3n privada, especialmente en el turismo y las remesas . Ofreci\u00f3 la cifra de que entre 2019 y 2023,, la inversi\u00f3n como proporci\u00f3n del Producto Interno Bruto pas\u00f3 del cerca del 24% al 30 %. [&hellip;]<\/p>\n","protected":false},"author":6,"featured_media":461,"comment_status":"open","ping_status":"open","sticky":false,"template":"","format":"standard","meta":{"om_disable_all_campaigns":false,"_monsterinsights_skip_tracking":false,"_monsterinsights_sitenote_active":false,"_monsterinsights_sitenote_note":"","_monsterinsights_sitenote_category":0,"footnotes":""},"categories":[1],"tags":[],"class_list":{"0":"post-460","1":"post","2":"type-post","3":"status-publish","4":"format-standard","5":"has-post-thumbnail","7":"category-nacionales"},"aioseo_notices":[],"_links":{"self":[{"href":"https:\/\/periodicolarepublica.com\/index.php\/wp-json\/wp\/v2\/posts\/460","targetHints":{"allow":["GET"]}}],"collection":[{"href":"https:\/\/periodicolarepublica.com\/index.php\/wp-json\/wp\/v2\/posts"}],"about":[{"href":"https:\/\/periodicolarepublica.com\/index.php\/wp-json\/wp\/v2\/types\/post"}],"author":[{"embeddable":true,"href":"https:\/\/periodicolarepublica.com\/index.php\/wp-json\/wp\/v2\/users\/6"}],"replies":[{"embeddable":true,"href":"https:\/\/periodicolarepublica.com\/index.php\/wp-json\/wp\/v2\/comments?post=460"}],"version-history":[{"count":1,"href":"https:\/\/periodicolarepublica.com\/index.php\/wp-json\/wp\/v2\/posts\/460\/revisions"}],"predecessor-version":[{"id":462,"href":"https:\/\/periodicolarepublica.com\/index.php\/wp-json\/wp\/v2\/posts\/460\/revisions\/462"}],"wp:featuredmedia":[{"embeddable":true,"href":"https:\/\/periodicolarepublica.com\/index.php\/wp-json\/wp\/v2\/media\/461"}],"wp:attachment":[{"href":"https:\/\/periodicolarepublica.com\/index.php\/wp-json\/wp\/v2\/media?parent=460"}],"wp:term":[{"taxonomy":"category","embeddable":true,"href":"https:\/\/periodicolarepublica.com\/index.php\/wp-json\/wp\/v2\/categories?post=460"},{"taxonomy":"post_tag","embeddable":true,"href":"https:\/\/periodicolarepublica.com\/index.php\/wp-json\/wp\/v2\/tags?post=460"}],"curies":[{"name":"wp","href":"https:\/\/api.w.org\/{rel}","templated":true}]}}