{"id":463,"date":"2024-03-11T13:25:37","date_gmt":"2024-03-11T12:25:37","guid":{"rendered":"https:\/\/periodicolarepublica.com\/?p=463"},"modified":"2024-03-11T13:25:37","modified_gmt":"2024-03-11T12:25:37","slug":"banco-popular-presenta-libro-ahorrar-es-crear-en-la-semana-economica-y-financiera","status":"publish","type":"post","link":"https:\/\/periodicolarepublica.com\/index.php\/2024\/03\/11\/banco-popular-presenta-libro-ahorrar-es-crear-en-la-semana-economica-y-financiera\/","title":{"rendered":"Banco Popular presenta libro \u201cAhorrar es crear\u201d en la Semana Econ\u00f3mica y Financiera"},"content":{"rendered":"<p><img loading=\"lazy\" decoding=\"async\" class=\"alignnone size-medium wp-image-465\" src=\"https:\/\/periodicolarepublica.com\/wp-content\/uploads\/2024\/03\/IMG_20240311_082244-300x115.jpg\" alt=\"Banco popular \" width=\"300\" height=\"115\" srcset=\"https:\/\/periodicolarepublica.com\/wp-content\/uploads\/2024\/03\/IMG_20240311_082244-300x115.jpg?v=1715379810 300w, https:\/\/periodicolarepublica.com\/wp-content\/uploads\/2024\/03\/IMG_20240311_082244-1024x392.jpg?v=1715379810 1024w, https:\/\/periodicolarepublica.com\/wp-content\/uploads\/2024\/03\/IMG_20240311_082244-768x294.jpg?v=1715379810 768w, https:\/\/periodicolarepublica.com\/wp-content\/uploads\/2024\/03\/IMG_20240311_082244-1536x588.jpg?v=1715379810 1536w, https:\/\/periodicolarepublica.com\/wp-content\/uploads\/2024\/03\/IMG_20240311_082244-150x57.jpg?v=1715379810 150w, https:\/\/periodicolarepublica.com\/wp-content\/uploads\/2024\/03\/IMG_20240311_082244-600x230.jpg?v=1715379810 600w, https:\/\/periodicolarepublica.com\/wp-content\/uploads\/2024\/03\/IMG_20240311_082244-696x266.jpg?v=1715379810 696w, https:\/\/periodicolarepublica.com\/wp-content\/uploads\/2024\/03\/IMG_20240311_082244-1392x533.jpg?v=1715379810 1392w, https:\/\/periodicolarepublica.com\/wp-content\/uploads\/2024\/03\/IMG_20240311_082244-1068x409.jpg?v=1715379810 1068w, https:\/\/periodicolarepublica.com\/wp-content\/uploads\/2024\/03\/IMG_20240311_082244-1920x735.jpg?v=1715379810 1920w, https:\/\/periodicolarepublica.com\/wp-content\/uploads\/2024\/03\/IMG_20240311_082244.jpg?v=1715379810 1970w\" sizes=\"auto, (max-width: 300px) 100vw, 300px\" \/><\/p>\n<p style=\"font-weight: 400;\">El Banco Popular Dominicano anunci\u00f3 su participaci\u00f3n en la Semana Econ\u00f3mica y Financiera 2024, organizada por el Banco Central de la Rep\u00fablica Dominicana, del 18 al 22 de marzo, durante la cual presentar\u00e1 el libro infantil \u201cAhorrar es crear\u201d, una historia educativa escrita por Laura Vicens e ilustrada por Karla Pe\u00f1a.<\/p>\n","protected":false},"excerpt":{"rendered":"<p>El Banco Popular Dominicano anunci\u00f3 su participaci\u00f3n en la Semana Econ\u00f3mica y Financiera 2024, organizada por el Banco Central de la Rep\u00fablica Dominicana, del 18 al 22 de marzo, durante la cual presentar\u00e1 el libro infantil \u201cAhorrar es crear\u201d, una historia educativa escrita por Laura Vicens e ilustrada por Karla Pe\u00f1a.<\/p>\n","protected":false},"author":1,"featured_media":465,"comment_status":"open","ping_status":"open","sticky":false,"template":"","format":"standard","meta":{"om_disable_all_campaigns":false,"_monsterinsights_skip_tracking":false,"_monsterinsights_sitenote_active":false,"_monsterinsights_sitenote_note":"","_monsterinsights_sitenote_category":0,"footnotes":""},"categories":[33],"tags":[36,76,75,119],"class_list":{"0":"post-463","1":"post","2":"type-post","3":"status-publish","4":"format-standard","5":"has-post-thumbnail","7":"category-canal-financiero","8":"tag-banco-popular","9":"tag-banco-popular-dominicano","10":"tag-popularenlinea","11":"tag-popularenlinea-com"},"aioseo_notices":[],"_links":{"self":[{"href":"https:\/\/periodicolarepublica.com\/index.php\/wp-json\/wp\/v2\/posts\/463","targetHints":{"allow":["GET"]}}],"collection":[{"href":"https:\/\/periodicolarepublica.com\/index.php\/wp-json\/wp\/v2\/posts"}],"about":[{"href":"https:\/\/periodicolarepublica.com\/index.php\/wp-json\/wp\/v2\/types\/post"}],"author":[{"embeddable":true,"href":"https:\/\/periodicolarepublica.com\/index.php\/wp-json\/wp\/v2\/users\/1"}],"replies":[{"embeddable":true,"href":"https:\/\/periodicolarepublica.com\/index.php\/wp-json\/wp\/v2\/comments?post=463"}],"version-history":[{"count":1,"href":"https:\/\/periodicolarepublica.com\/index.php\/wp-json\/wp\/v2\/posts\/463\/revisions"}],"predecessor-version":[{"id":466,"href":"https:\/\/periodicolarepublica.com\/index.php\/wp-json\/wp\/v2\/posts\/463\/revisions\/466"}],"wp:featuredmedia":[{"embeddable":true,"href":"https:\/\/periodicolarepublica.com\/index.php\/wp-json\/wp\/v2\/media\/465"}],"wp:attachment":[{"href":"https:\/\/periodicolarepublica.com\/index.php\/wp-json\/wp\/v2\/media?parent=463"}],"wp:term":[{"taxonomy":"category","embeddable":true,"href":"https:\/\/periodicolarepublica.com\/index.php\/wp-json\/wp\/v2\/categories?post=463"},{"taxonomy":"post_tag","embeddable":true,"href":"https:\/\/periodicolarepublica.com\/index.php\/wp-json\/wp\/v2\/tags?post=463"}],"curies":[{"name":"wp","href":"https:\/\/api.w.org\/{rel}","templated":true}]}}