{"id":4630,"date":"2025-12-18T15:16:06","date_gmt":"2025-12-18T19:16:06","guid":{"rendered":"https:\/\/periodicolarepublica.com\/?p=4630"},"modified":"2025-12-18T15:16:06","modified_gmt":"2025-12-18T19:16:06","slug":"regidor-leandro-polanco-medina-lleva-alegria-y-solidaridad-a-la-comunidad-de-la-caleta-con-cena-navidena","status":"publish","type":"post","link":"https:\/\/periodicolarepublica.com\/index.php\/2025\/12\/18\/regidor-leandro-polanco-medina-lleva-alegria-y-solidaridad-a-la-comunidad-de-la-caleta-con-cena-navidena\/","title":{"rendered":"Regidor Leandro Polanco Medina lleva alegr\u00eda y solidaridad a la comunidad de La Caleta con cena navide\u00f1a"},"content":{"rendered":"<p>La Caleta.\u2013 En un emotivo gesto de solidaridad, cercan\u00eda y compromiso social, el regidor Leandro Polanco Medina comparti\u00f3 una cena navide\u00f1a con decenas de familias de la comunidad de La Caleta, llevando alegr\u00eda, esperanza y uni\u00f3n en esta \u00e9poca tan especial.<\/p>\n<p><img loading=\"lazy\" decoding=\"async\" class=\"alignnone size-medium wp-image-4633\" src=\"https:\/\/periodicolarepublica.com\/wp-content\/uploads\/2025\/12\/IMG-20251218-WA0448-300x200.jpg\" alt=\"\" width=\"300\" height=\"200\" srcset=\"https:\/\/periodicolarepublica.com\/wp-content\/uploads\/2025\/12\/IMG-20251218-WA0448-300x200.jpg?v=1766085352 300w, https:\/\/periodicolarepublica.com\/wp-content\/uploads\/2025\/12\/IMG-20251218-WA0448-1024x683.jpg?v=1766085352 1024w, https:\/\/periodicolarepublica.com\/wp-content\/uploads\/2025\/12\/IMG-20251218-WA0448-768x512.jpg?v=1766085352 768w, https:\/\/periodicolarepublica.com\/wp-content\/uploads\/2025\/12\/IMG-20251218-WA0448-1536x1024.jpg?v=1766085352 1536w, https:\/\/periodicolarepublica.com\/wp-content\/uploads\/2025\/12\/IMG-20251218-WA0448-150x100.jpg?v=1766085352 150w, https:\/\/periodicolarepublica.com\/wp-content\/uploads\/2025\/12\/IMG-20251218-WA0448-600x400.jpg?v=1766085352 600w, https:\/\/periodicolarepublica.com\/wp-content\/uploads\/2025\/12\/IMG-20251218-WA0448-696x464.jpg?v=1766085352 696w, https:\/\/periodicolarepublica.com\/wp-content\/uploads\/2025\/12\/IMG-20251218-WA0448-1392x928.jpg?v=1766085352 1392w, https:\/\/periodicolarepublica.com\/wp-content\/uploads\/2025\/12\/IMG-20251218-WA0448-1068x712.jpg?v=1766085352 1068w, https:\/\/periodicolarepublica.com\/wp-content\/uploads\/2025\/12\/IMG-20251218-WA0448.jpg?v=1766085352 1600w\" sizes=\"auto, (max-width: 300px) 100vw, 300px\" \/><\/p>\n<p>La actividad se desarroll\u00f3 en un ambiente cargado de sonrisas, gratitud y entusiasmo, donde ni\u00f1os, j\u00f3venes y adultos disfrutaron juntos como una gran familia. El encuentro cont\u00f3 con la presencia del alcalde M\u00e1ximo Soriano y del presidente del movimiento Poder P\u2019AL Pueblo, ING. Tom\u00e1s Hern\u00e1ndez Alberto, quienes respaldaron esta noble iniciativa.<\/p>\n<p>&nbsp;<\/p>\n<p>Al dirigirse a los presentes, el regidor Leandro Polanco Medina expres\u00f3 su agradecimiento a la comunidad, destacando que esta cena fue organizada con amor y pensando en el bienestar de cada familia, para que pudieran compartir y disfrutar en armon\u00eda durante las festividades navide\u00f1as.<\/p>\n<p><img loading=\"lazy\" decoding=\"async\" class=\"alignnone size-medium wp-image-4632\" src=\"https:\/\/periodicolarepublica.com\/wp-content\/uploads\/2025\/12\/IMG-20251218-WA0453-300x200.jpg\" alt=\"\" width=\"300\" height=\"200\" srcset=\"https:\/\/periodicolarepublica.com\/wp-content\/uploads\/2025\/12\/IMG-20251218-WA0453-300x200.jpg?v=1766085321 300w, https:\/\/periodicolarepublica.com\/wp-content\/uploads\/2025\/12\/IMG-20251218-WA0453-1024x683.jpg?v=1766085321 1024w, https:\/\/periodicolarepublica.com\/wp-content\/uploads\/2025\/12\/IMG-20251218-WA0453-768x512.jpg?v=1766085321 768w, https:\/\/periodicolarepublica.com\/wp-content\/uploads\/2025\/12\/IMG-20251218-WA0453-1536x1024.jpg?v=1766085321 1536w, https:\/\/periodicolarepublica.com\/wp-content\/uploads\/2025\/12\/IMG-20251218-WA0453-150x100.jpg?v=1766085321 150w, https:\/\/periodicolarepublica.com\/wp-content\/uploads\/2025\/12\/IMG-20251218-WA0453-600x400.jpg?v=1766085321 600w, https:\/\/periodicolarepublica.com\/wp-content\/uploads\/2025\/12\/IMG-20251218-WA0453-696x464.jpg?v=1766085321 696w, https:\/\/periodicolarepublica.com\/wp-content\/uploads\/2025\/12\/IMG-20251218-WA0453-1392x928.jpg?v=1766085321 1392w, https:\/\/periodicolarepublica.com\/wp-content\/uploads\/2025\/12\/IMG-20251218-WA0453-1068x712.jpg?v=1766085321 1068w, https:\/\/periodicolarepublica.com\/wp-content\/uploads\/2025\/12\/IMG-20251218-WA0453.jpg?v=1766085321 1600w\" sizes=\"auto, (max-width: 300px) 100vw, 300px\" \/><\/p>\n<p>Los comunitarios manifestaron sentirse felices y agradecidos, valorando el gesto solidario del regidor, el cual refleja una forma de hacer pol\u00edtica humana, cercana y comprometida con la gente, especialmente en tiempos donde la uni\u00f3n y la solidaridad son m\u00e1s necesarias que nunca.<\/p>\n<p>&nbsp;<\/p>\n<p>Esta acci\u00f3n reafirma el compromiso del regidor Leandro Polanco Medina de seguir trabajando de la mano con la comunidad, promoviendo iniciativas que fortalezcan la convivencia, el bienestar social y la esperanza en La Caleta.<img loading=\"lazy\" decoding=\"async\" class=\"alignnone size-medium wp-image-4631\" src=\"https:\/\/periodicolarepublica.com\/wp-content\/uploads\/2025\/12\/792077c04e114f3f919201aedf62e7a3-300x200.jpg\" alt=\"\" width=\"300\" height=\"200\" srcset=\"https:\/\/periodicolarepublica.com\/wp-content\/uploads\/2025\/12\/792077c04e114f3f919201aedf62e7a3-300x200.jpg?v=1766085293 300w, https:\/\/periodicolarepublica.com\/wp-content\/uploads\/2025\/12\/792077c04e114f3f919201aedf62e7a3-1024x683.jpg?v=1766085293 1024w, https:\/\/periodicolarepublica.com\/wp-content\/uploads\/2025\/12\/792077c04e114f3f919201aedf62e7a3-768x512.jpg?v=1766085293 768w, https:\/\/periodicolarepublica.com\/wp-content\/uploads\/2025\/12\/792077c04e114f3f919201aedf62e7a3-1536x1024.jpg?v=1766085293 1536w, https:\/\/periodicolarepublica.com\/wp-content\/uploads\/2025\/12\/792077c04e114f3f919201aedf62e7a3-150x100.jpg?v=1766085293 150w, https:\/\/periodicolarepublica.com\/wp-content\/uploads\/2025\/12\/792077c04e114f3f919201aedf62e7a3-600x400.jpg?v=1766085293 600w, https:\/\/periodicolarepublica.com\/wp-content\/uploads\/2025\/12\/792077c04e114f3f919201aedf62e7a3-696x464.jpg?v=1766085293 696w, https:\/\/periodicolarepublica.com\/wp-content\/uploads\/2025\/12\/792077c04e114f3f919201aedf62e7a3-1392x928.jpg?v=1766085293 1392w, https:\/\/periodicolarepublica.com\/wp-content\/uploads\/2025\/12\/792077c04e114f3f919201aedf62e7a3-1068x712.jpg?v=1766085293 1068w, https:\/\/periodicolarepublica.com\/wp-content\/uploads\/2025\/12\/792077c04e114f3f919201aedf62e7a3.jpg?v=1766085293 1600w\" sizes=\"auto, (max-width: 300px) 100vw, 300px\" \/><\/p>\n","protected":false},"excerpt":{"rendered":"<p>La Caleta.\u2013 En un emotivo gesto de solidaridad, cercan\u00eda y compromiso social, el regidor Leandro Polanco Medina comparti\u00f3 una cena navide\u00f1a con decenas de familias de la comunidad de La Caleta, llevando alegr\u00eda, esperanza y uni\u00f3n en esta \u00e9poca tan especial. La actividad se desarroll\u00f3 en un ambiente cargado de sonrisas, gratitud y entusiasmo, donde [&hellip;]<\/p>\n","protected":false},"author":10,"featured_media":4633,"comment_status":"open","ping_status":"open","sticky":false,"template":"","format":"standard","meta":{"om_disable_all_campaigns":false,"_monsterinsights_skip_tracking":false,"_monsterinsights_sitenote_active":false,"_monsterinsights_sitenote_note":"","_monsterinsights_sitenote_category":0,"footnotes":""},"categories":[1],"tags":[],"class_list":{"0":"post-4630","1":"post","2":"type-post","3":"status-publish","4":"format-standard","5":"has-post-thumbnail","7":"category-nacionales"},"aioseo_notices":[],"_links":{"self":[{"href":"https:\/\/periodicolarepublica.com\/index.php\/wp-json\/wp\/v2\/posts\/4630","targetHints":{"allow":["GET"]}}],"collection":[{"href":"https:\/\/periodicolarepublica.com\/index.php\/wp-json\/wp\/v2\/posts"}],"about":[{"href":"https:\/\/periodicolarepublica.com\/index.php\/wp-json\/wp\/v2\/types\/post"}],"author":[{"embeddable":true,"href":"https:\/\/periodicolarepublica.com\/index.php\/wp-json\/wp\/v2\/users\/10"}],"replies":[{"embeddable":true,"href":"https:\/\/periodicolarepublica.com\/index.php\/wp-json\/wp\/v2\/comments?post=4630"}],"version-history":[{"count":1,"href":"https:\/\/periodicolarepublica.com\/index.php\/wp-json\/wp\/v2\/posts\/4630\/revisions"}],"predecessor-version":[{"id":4634,"href":"https:\/\/periodicolarepublica.com\/index.php\/wp-json\/wp\/v2\/posts\/4630\/revisions\/4634"}],"wp:featuredmedia":[{"embeddable":true,"href":"https:\/\/periodicolarepublica.com\/index.php\/wp-json\/wp\/v2\/media\/4633"}],"wp:attachment":[{"href":"https:\/\/periodicolarepublica.com\/index.php\/wp-json\/wp\/v2\/media?parent=4630"}],"wp:term":[{"taxonomy":"category","embeddable":true,"href":"https:\/\/periodicolarepublica.com\/index.php\/wp-json\/wp\/v2\/categories?post=4630"},{"taxonomy":"post_tag","embeddable":true,"href":"https:\/\/periodicolarepublica.com\/index.php\/wp-json\/wp\/v2\/tags?post=4630"}],"curies":[{"name":"wp","href":"https:\/\/api.w.org\/{rel}","templated":true}]}}