{"id":4638,"date":"2025-12-18T23:30:17","date_gmt":"2025-12-19T03:30:17","guid":{"rendered":"https:\/\/periodicolarepublica.com\/?p=4638"},"modified":"2025-12-18T23:30:17","modified_gmt":"2025-12-19T03:30:17","slug":"el-senado-aprobo-la-ley-que-declara-la-reserva-antropologica-las-cuevas-de-borbon-o-del-pomier-como-capital-rupestre-de-la-republica-dominicana","status":"publish","type":"post","link":"https:\/\/periodicolarepublica.com\/index.php\/2025\/12\/18\/el-senado-aprobo-la-ley-que-declara-la-reserva-antropologica-las-cuevas-de-borbon-o-del-pomier-como-capital-rupestre-de-la-republica-dominicana\/","title":{"rendered":"El Senado aprob\u00f3 la ley que declara la reserva antropol\u00f3gica las Cuevas de Borb\u00f3n o del Pomier como \u201cCapital Rupestre de la Rep\u00fablica Dominicana\u201d"},"content":{"rendered":"<p>El Senado de la Rep\u00fablica aprob\u00f3 en segunda lectura el proyecto de ley que declara la reserva antropol\u00f3gica las Cuevas de Borb\u00f3n o del Pomier como \u201cCapital Rupestre de la Rep\u00fablica Dominicana\u201d.<\/p>\n<p>Esta propuesta legislativa, presentada por el senador de la provincia de San Crist\u00f3bal, Gustavo Lara Salazar, tiene como objeto promover, a nivel mundial, el patrimonio cultural de la Reserva Antropol\u00f3gica Cuevas de Borb\u00f3n o del Pomier, localizada en la secci\u00f3n Borb\u00f3n, de la provincia de San Crist\u00f3bal<\/p>\n<p><img loading=\"lazy\" decoding=\"async\" class=\"alignnone size-medium wp-image-4639\" src=\"https:\/\/periodicolarepublica.com\/wp-content\/uploads\/2025\/12\/2418a1e9-fbfa-4280-8714-6ee686f76729-300x200.jpg\" alt=\"\" width=\"300\" height=\"200\" srcset=\"https:\/\/periodicolarepublica.com\/wp-content\/uploads\/2025\/12\/2418a1e9-fbfa-4280-8714-6ee686f76729-300x200.jpg 300w, https:\/\/periodicolarepublica.com\/wp-content\/uploads\/2025\/12\/2418a1e9-fbfa-4280-8714-6ee686f76729-1024x683.jpg 1024w, https:\/\/periodicolarepublica.com\/wp-content\/uploads\/2025\/12\/2418a1e9-fbfa-4280-8714-6ee686f76729-768x512.jpg 768w, https:\/\/periodicolarepublica.com\/wp-content\/uploads\/2025\/12\/2418a1e9-fbfa-4280-8714-6ee686f76729-150x100.jpg 150w, https:\/\/periodicolarepublica.com\/wp-content\/uploads\/2025\/12\/2418a1e9-fbfa-4280-8714-6ee686f76729-600x400.jpg 600w, https:\/\/periodicolarepublica.com\/wp-content\/uploads\/2025\/12\/2418a1e9-fbfa-4280-8714-6ee686f76729-696x464.jpg 696w, https:\/\/periodicolarepublica.com\/wp-content\/uploads\/2025\/12\/2418a1e9-fbfa-4280-8714-6ee686f76729-1068x713.jpg 1068w, https:\/\/periodicolarepublica.com\/wp-content\/uploads\/2025\/12\/2418a1e9-fbfa-4280-8714-6ee686f76729.jpg 1280w\" sizes=\"auto, (max-width: 300px) 100vw, 300px\" \/>.<\/p>\n","protected":false},"excerpt":{"rendered":"<p>El Senado de la Rep\u00fablica aprob\u00f3 en segunda lectura el proyecto de ley que declara la reserva antropol\u00f3gica las Cuevas de Borb\u00f3n o del Pomier como \u201cCapital Rupestre de la Rep\u00fablica Dominicana\u201d. Esta propuesta legislativa, presentada por el senador de la provincia de San Crist\u00f3bal, Gustavo Lara Salazar, tiene como objeto promover, a nivel mundial, [&hellip;]<\/p>\n","protected":false},"author":6,"featured_media":4639,"comment_status":"open","ping_status":"open","sticky":false,"template":"","format":"standard","meta":{"om_disable_all_campaigns":false,"_monsterinsights_skip_tracking":false,"_monsterinsights_sitenote_active":false,"_monsterinsights_sitenote_note":"","_monsterinsights_sitenote_category":0,"footnotes":""},"categories":[1],"tags":[340],"class_list":{"0":"post-4638","1":"post","2":"type-post","3":"status-publish","4":"format-standard","5":"has-post-thumbnail","7":"category-nacionales","8":"tag-senado"},"aioseo_notices":[],"_links":{"self":[{"href":"https:\/\/periodicolarepublica.com\/index.php\/wp-json\/wp\/v2\/posts\/4638","targetHints":{"allow":["GET"]}}],"collection":[{"href":"https:\/\/periodicolarepublica.com\/index.php\/wp-json\/wp\/v2\/posts"}],"about":[{"href":"https:\/\/periodicolarepublica.com\/index.php\/wp-json\/wp\/v2\/types\/post"}],"author":[{"embeddable":true,"href":"https:\/\/periodicolarepublica.com\/index.php\/wp-json\/wp\/v2\/users\/6"}],"replies":[{"embeddable":true,"href":"https:\/\/periodicolarepublica.com\/index.php\/wp-json\/wp\/v2\/comments?post=4638"}],"version-history":[{"count":1,"href":"https:\/\/periodicolarepublica.com\/index.php\/wp-json\/wp\/v2\/posts\/4638\/revisions"}],"predecessor-version":[{"id":4640,"href":"https:\/\/periodicolarepublica.com\/index.php\/wp-json\/wp\/v2\/posts\/4638\/revisions\/4640"}],"wp:featuredmedia":[{"embeddable":true,"href":"https:\/\/periodicolarepublica.com\/index.php\/wp-json\/wp\/v2\/media\/4639"}],"wp:attachment":[{"href":"https:\/\/periodicolarepublica.com\/index.php\/wp-json\/wp\/v2\/media?parent=4638"}],"wp:term":[{"taxonomy":"category","embeddable":true,"href":"https:\/\/periodicolarepublica.com\/index.php\/wp-json\/wp\/v2\/categories?post=4638"},{"taxonomy":"post_tag","embeddable":true,"href":"https:\/\/periodicolarepublica.com\/index.php\/wp-json\/wp\/v2\/tags?post=4638"}],"curies":[{"name":"wp","href":"https:\/\/api.w.org\/{rel}","templated":true}]}}