{"id":4641,"date":"2025-12-18T23:34:02","date_gmt":"2025-12-19T03:34:02","guid":{"rendered":"https:\/\/periodicolarepublica.com\/?p=4641"},"modified":"2025-12-18T23:34:02","modified_gmt":"2025-12-19T03:34:02","slug":"sns-pone-en-funcionamiento-unidad-de-intervencion-en-crisis-de-salud-mental-en-el-hospital-dr-mario-tolentino-dipp","status":"publish","type":"post","link":"https:\/\/periodicolarepublica.com\/index.php\/2025\/12\/18\/sns-pone-en-funcionamiento-unidad-de-intervencion-en-crisis-de-salud-mental-en-el-hospital-dr-mario-tolentino-dipp\/","title":{"rendered":"SNS pone en funcionamiento Unidad de Intervenci\u00f3n en Crisis de Salud Mental en el Hospital Dr. Mario Tolentino Dipp"},"content":{"rendered":"<p>El Servicio Nacional de Salud (SNS) puso en funcionamiento la Unidad de Intervenci\u00f3n en Crisis de Salud Mental del Hospital General y de Especialidades Dr. Mario Tolentino Dipp, en la Ciudad de la Salud, espacio destinado a ofrecer atenci\u00f3n especializada y oportuna a personas que requieren manejo inmediato en salud mental.<\/p>\n<p>&nbsp;<\/p>\n<p>La unidad dispone de diez camas, distribuidas en cinco habitaciones, adem\u00e1s de \u00e1reas para descanso, estante de medicamentos y una habitaci\u00f3n destinada a la terapia electroconvulsiva, como parte de los servicios que fortalecen la atenci\u00f3n integral en situaciones de crisis.<\/p>\n<p>&nbsp;<\/p>\n<p>Para el funcionamiento de este servicio, el hospital cuenta con un equipo multidisciplinario integrado por dos psiquiatras, cinco psic\u00f3logos y personal de enfermer\u00eda, quienes brindar\u00e1n soporte continuo a los pacientes, garantizando una atenci\u00f3n especializada y humanizada.<\/p>\n<p>Durante el acto inaugural, la directora de Asistencia a la Red del SNS, Rubelina Santos, destac\u00f3 que la apertura de esta unidad responde a una necesidad prioritaria del pa\u00eds. \u201cLa salud mental no discrimina.<\/p>\n<figure id=\"attachment_4478\" aria-describedby=\"caption-attachment-4478\" style=\"width: 300px\" class=\"wp-caption alignnone\"><img loading=\"lazy\" decoding=\"async\" class=\"size-medium wp-image-4478\" src=\"https:\/\/periodicolarepublica.com\/wp-content\/uploads\/2025\/11\/images-36-300x300.jpeg\" alt=\"\" width=\"300\" height=\"300\" srcset=\"https:\/\/periodicolarepublica.com\/wp-content\/uploads\/2025\/11\/images-36-300x300.jpeg 300w, https:\/\/periodicolarepublica.com\/wp-content\/uploads\/2025\/11\/images-36-150x150.jpeg 150w, https:\/\/periodicolarepublica.com\/wp-content\/uploads\/2025\/11\/images-36.jpeg 447w\" sizes=\"auto, (max-width: 300px) 100vw, 300px\" \/><figcaption id=\"caption-attachment-4478\" class=\"wp-caption-text\">SNS<\/figcaption><\/figure>\n","protected":false},"excerpt":{"rendered":"<p>El Servicio Nacional de Salud (SNS) puso en funcionamiento la Unidad de Intervenci\u00f3n en Crisis de Salud Mental del Hospital General y de Especialidades Dr. Mario Tolentino Dipp, en la Ciudad de la Salud, espacio destinado a ofrecer atenci\u00f3n especializada y oportuna a personas que requieren manejo inmediato en salud mental. &nbsp; La unidad dispone [&hellip;]<\/p>\n","protected":false},"author":6,"featured_media":4478,"comment_status":"open","ping_status":"open","sticky":false,"template":"","format":"standard","meta":{"om_disable_all_campaigns":false,"_monsterinsights_skip_tracking":false,"_monsterinsights_sitenote_active":false,"_monsterinsights_sitenote_note":"","_monsterinsights_sitenote_category":0,"footnotes":""},"categories":[1],"tags":[277],"class_list":{"0":"post-4641","1":"post","2":"type-post","3":"status-publish","4":"format-standard","5":"has-post-thumbnail","7":"category-nacionales","8":"tag-sns"},"aioseo_notices":[],"_links":{"self":[{"href":"https:\/\/periodicolarepublica.com\/index.php\/wp-json\/wp\/v2\/posts\/4641","targetHints":{"allow":["GET"]}}],"collection":[{"href":"https:\/\/periodicolarepublica.com\/index.php\/wp-json\/wp\/v2\/posts"}],"about":[{"href":"https:\/\/periodicolarepublica.com\/index.php\/wp-json\/wp\/v2\/types\/post"}],"author":[{"embeddable":true,"href":"https:\/\/periodicolarepublica.com\/index.php\/wp-json\/wp\/v2\/users\/6"}],"replies":[{"embeddable":true,"href":"https:\/\/periodicolarepublica.com\/index.php\/wp-json\/wp\/v2\/comments?post=4641"}],"version-history":[{"count":1,"href":"https:\/\/periodicolarepublica.com\/index.php\/wp-json\/wp\/v2\/posts\/4641\/revisions"}],"predecessor-version":[{"id":4642,"href":"https:\/\/periodicolarepublica.com\/index.php\/wp-json\/wp\/v2\/posts\/4641\/revisions\/4642"}],"wp:featuredmedia":[{"embeddable":true,"href":"https:\/\/periodicolarepublica.com\/index.php\/wp-json\/wp\/v2\/media\/4478"}],"wp:attachment":[{"href":"https:\/\/periodicolarepublica.com\/index.php\/wp-json\/wp\/v2\/media?parent=4641"}],"wp:term":[{"taxonomy":"category","embeddable":true,"href":"https:\/\/periodicolarepublica.com\/index.php\/wp-json\/wp\/v2\/categories?post=4641"},{"taxonomy":"post_tag","embeddable":true,"href":"https:\/\/periodicolarepublica.com\/index.php\/wp-json\/wp\/v2\/tags?post=4641"}],"curies":[{"name":"wp","href":"https:\/\/api.w.org\/{rel}","templated":true}]}}