{"id":4646,"date":"2025-12-21T16:32:00","date_gmt":"2025-12-21T20:32:00","guid":{"rendered":"https:\/\/periodicolarepublica.com\/?p=4646"},"modified":"2025-12-21T16:32:00","modified_gmt":"2025-12-21T20:32:00","slug":"alcaldia-del-dn-lleva-su-plan-de-arbolado-al-sector-las-praderas","status":"publish","type":"post","link":"https:\/\/periodicolarepublica.com\/index.php\/2025\/12\/21\/alcaldia-del-dn-lleva-su-plan-de-arbolado-al-sector-las-praderas\/","title":{"rendered":"Alcald\u00eda del DN lleva su Plan de Arbolado al sector Las Praderas"},"content":{"rendered":"<p>Con la siembra de 50 \u00e1rboles culminaron las jornadas del a\u00f1o 2025.<\/p>\n<p>Santo Domingo, DN- La Alcald\u00eda del Distrito Nacional, a trav\u00e9s de la Direcci\u00f3n de Gesti\u00f3n Ambiental y su Programa Plan de Arbolado Urbano, realiz\u00f3 en el sector Las Praderas su \u00faltima jornada de siembra de \u00e1rboles del 2025.<\/p>\n<p>&nbsp;<\/p>\n<p>La iniciativa, desarrollada bajo las directrices de la alcaldesa Carolina Mej\u00eda para continuar transformando las aceras y garantizar la sostenibilidad del medio ambiente, abarc\u00f3 la calle C\u00e9sar Augusto Can\u00f3 esquina Teodoro Chass\u00e9riau y la Gustavo Mej\u00eda Ricart.<\/p>\n<p>&nbsp;<\/p>\n<p>El arbolado fue apoyado por la empresa SP Gold Services &amp; Partners Group, bajo el programa Reforesta EMIP 2024, siendo esta la cuarta ocasi\u00f3n en colaboraci\u00f3n con el cabildo.<\/p>\n<p>&nbsp;<\/p>\n<p>Esta vez, la variedad de \u00e1rboles plantados fueron Mara (Calophyllum calaba L) y Gringri (Bucida bucetas), caracterizados por siempre tener hojas que aportan sombra y capturan el carbono.<\/p>\n<p>&nbsp;<\/p>\n<p>Milagros Mercedes, directora de Gesti\u00f3n Ambiental, dio la bienvenida y las palabras de agradecimiento a los representantes de la instituci\u00f3n por su apoyo a esta jornada sin importar que estemos en d\u00edas de Navidad.<\/p>\n<p>&nbsp;<\/p>\n<p>D\u00e9bora P\u00e9rez, vicepresidenta de la empresa SP Gold Services &amp; Partners Group, agradeci\u00f3 ser parte de esta acci\u00f3n, indicando que la misma abarca la responsabilidad social que han ido integrando desde el 2024 mediante programas medioambientales.<\/p>\n<p><img loading=\"lazy\" decoding=\"async\" class=\"alignnone size-medium wp-image-3653\" src=\"https:\/\/periodicolarepublica.com\/wp-content\/uploads\/2025\/07\/images-24-300x114.jpeg\" alt=\"\" width=\"300\" height=\"114\" srcset=\"https:\/\/periodicolarepublica.com\/wp-content\/uploads\/2025\/07\/images-24-300x114.jpeg 300w, https:\/\/periodicolarepublica.com\/wp-content\/uploads\/2025\/07\/images-24-150x57.jpeg 150w, https:\/\/periodicolarepublica.com\/wp-content\/uploads\/2025\/07\/images-24.jpeg 363w\" sizes=\"auto, (max-width: 300px) 100vw, 300px\" \/><\/p>\n","protected":false},"excerpt":{"rendered":"<p>Con la siembra de 50 \u00e1rboles culminaron las jornadas del a\u00f1o 2025. Santo Domingo, DN- La Alcald\u00eda del Distrito Nacional, a trav\u00e9s de la Direcci\u00f3n de Gesti\u00f3n Ambiental y su Programa Plan de Arbolado Urbano, realiz\u00f3 en el sector Las Praderas su \u00faltima jornada de siembra de \u00e1rboles del 2025. &nbsp; La iniciativa, desarrollada bajo [&hellip;]<\/p>\n","protected":false},"author":6,"featured_media":3653,"comment_status":"open","ping_status":"open","sticky":false,"template":"","format":"standard","meta":{"om_disable_all_campaigns":false,"_monsterinsights_skip_tracking":false,"_monsterinsights_sitenote_active":false,"_monsterinsights_sitenote_note":"","_monsterinsights_sitenote_category":0,"footnotes":""},"categories":[1],"tags":[],"class_list":{"0":"post-4646","1":"post","2":"type-post","3":"status-publish","4":"format-standard","5":"has-post-thumbnail","7":"category-nacionales"},"aioseo_notices":[],"_links":{"self":[{"href":"https:\/\/periodicolarepublica.com\/index.php\/wp-json\/wp\/v2\/posts\/4646","targetHints":{"allow":["GET"]}}],"collection":[{"href":"https:\/\/periodicolarepublica.com\/index.php\/wp-json\/wp\/v2\/posts"}],"about":[{"href":"https:\/\/periodicolarepublica.com\/index.php\/wp-json\/wp\/v2\/types\/post"}],"author":[{"embeddable":true,"href":"https:\/\/periodicolarepublica.com\/index.php\/wp-json\/wp\/v2\/users\/6"}],"replies":[{"embeddable":true,"href":"https:\/\/periodicolarepublica.com\/index.php\/wp-json\/wp\/v2\/comments?post=4646"}],"version-history":[{"count":1,"href":"https:\/\/periodicolarepublica.com\/index.php\/wp-json\/wp\/v2\/posts\/4646\/revisions"}],"predecessor-version":[{"id":4647,"href":"https:\/\/periodicolarepublica.com\/index.php\/wp-json\/wp\/v2\/posts\/4646\/revisions\/4647"}],"wp:featuredmedia":[{"embeddable":true,"href":"https:\/\/periodicolarepublica.com\/index.php\/wp-json\/wp\/v2\/media\/3653"}],"wp:attachment":[{"href":"https:\/\/periodicolarepublica.com\/index.php\/wp-json\/wp\/v2\/media?parent=4646"}],"wp:term":[{"taxonomy":"category","embeddable":true,"href":"https:\/\/periodicolarepublica.com\/index.php\/wp-json\/wp\/v2\/categories?post=4646"},{"taxonomy":"post_tag","embeddable":true,"href":"https:\/\/periodicolarepublica.com\/index.php\/wp-json\/wp\/v2\/tags?post=4646"}],"curies":[{"name":"wp","href":"https:\/\/api.w.org\/{rel}","templated":true}]}}