{"id":4654,"date":"2025-12-22T16:53:47","date_gmt":"2025-12-22T20:53:47","guid":{"rendered":"https:\/\/periodicolarepublica.com\/?p=4654"},"modified":"2025-12-22T16:53:47","modified_gmt":"2025-12-22T20:53:47","slug":"disenador-eddy-rambaldy-presenta-su-coleccion-2025-en-los-premios-fashion-top-models-internacional","status":"publish","type":"post","link":"https:\/\/periodicolarepublica.com\/index.php\/2025\/12\/22\/disenador-eddy-rambaldy-presenta-su-coleccion-2025-en-los-premios-fashion-top-models-internacional\/","title":{"rendered":"*Dise\u00f1ador Eddy Rambaldy presenta su colecci\u00f3n 2025 en los Premios Fashion Top Models Internacional*"},"content":{"rendered":"<p>Santo Domingo, RD. \u2014* El dise\u00f1ador dominicano Eddy Rambaldy present\u00f3 su colecci\u00f3n \u201cEddy Rambaldy 2025\u201d en el marco de la sexta edici\u00f3n de los Premios Fashion Top Models Internacional (PFTMI), evento celebrado del 11 al 14 de diciembre en el centro comercial Sambil.<\/p>\n<p>&nbsp;<\/p>\n<p>La propuesta constituy\u00f3 un recuento creativo de un a\u00f1o intenso y exitoso para el dise\u00f1ador, integrando segmentos de sus seis colecciones m\u00e1s recientes.<\/p>\n<p>&nbsp;<\/p>\n<p>El desfile inici\u00f3 con una presentaci\u00f3n de un cuerpo de baile, que dio paso a la salida de las modelos y marc\u00f3 el ritmo esc\u00e9nico de la pasarela, destac\u00e1ndose por su dinamismo y cuidada puesta en escena.<\/p>\n<p>&nbsp;<\/p>\n<p>Para Daniel Mateo, fundador y CEO de PFTMI, contar por sexta vez con Rambaldy fue \u201cun verdadero honor, ya que su talento y prestigio engalanan cada edici\u00f3n, elevando el nivel del evento con piezas exquisitas y de la m\u00e1s alta calidad\u201d.<\/p>\n<p>&nbsp;<\/p>\n<p>Mateo destac\u00f3 adem\u00e1s que el trabajo del dise\u00f1ador ha sido clave en la proyecci\u00f3n internacional del evento, se\u00f1alando que \u201ca\u00f1o tras a\u00f1o presenta colecciones que superan sus propios est\u00e1ndares, aportando innovaci\u00f3n, excelencia y una visi\u00f3n global que fortalece nuestra marca\u201d. Asimismo, adelant\u00f3 que para la edici\u00f3n 2026 se proyecta el regreso del evento a Punta Cana.<\/p>\n<p>&nbsp;<\/p>\n<p>&nbsp;<\/p>\n<p>Reconocimiento<\/p>\n<p>&nbsp;<\/p>\n<p>En el marco de los Premios Fashion Top Models Internacional, Eddy Rambaldy recibi\u00f3 un reconocimiento especial por su destacada trayectoria y su impacto en la moda m\u00e1s all\u00e1 de las fronteras dominicanas.<\/p>\n<p>&nbsp;<\/p>\n<p>Durante el acto, Rambaldy expres\u00f3 que este reconocimiento \u201crepresenta mucho m\u00e1s que una satisfacci\u00f3n\u201d, y destac\u00f3 su orgullo de formar parte de una plataforma como los Premios Fashion Top Models Internacional, a la que defini\u00f3 como un espacio que visibiliza el talento del mundo de la moda con transparencia y objetividad en el pa\u00eds.<\/p>\n<p>&nbsp;<\/p>\n<p>El galard\u00f3n, otorgado por la organizaci\u00f3n del evento, resalta al dise\u00f1ador como un creador que trasciende fronteras, enaltece la moda dominicana, viste reinas y conquista pasarelas internacionales.<\/p>\n<p>&nbsp;<\/p>\n<p>Asimismo, reconoce que sus creaciones representan inspiraci\u00f3n, arte y orgullo nacional, definiendo su sello como una propuesta de elegancia sin l\u00edmites.<\/p>\n<p>&nbsp;<\/p>\n<p>&nbsp;<\/p>\n<p>Proyecci\u00f3n Internacional<\/p>\n<p>&nbsp;<\/p>\n<p>Durante el \u00faltimo a\u00f1o, Eddy Rambaldy realiz\u00f3 m\u00faltiples presentaciones en importantes escenarios de la moda internacional. Entre ellas, su participaci\u00f3n en Puerto Rico Fashion Week, donde present\u00f3 la colecci\u00f3n Ninfas, inspirada en colores c\u00e1lidos y verdes majestuosos; Lady Red, exhibida en los Fashion Show Awards, con el rojo como protagonista absoluto; y Eter of Down, presentada en el Festival del Cerezo (RD), donde explor\u00f3 el rosa en todas sus tonalidades.<\/p>\n<p>&nbsp;<\/p>\n<p>En marzo, el dise\u00f1ador llev\u00f3 a Orlando, Florida, la colecci\u00f3n Mix and Match, presentada en el A la Carta Fashion Show, combinando negro, blanco perla y rojo. Posteriormente, en Miami, present\u00f3 Sue\u00f1os en Rosas, con el rosado fucsia dominando la pasarela, colecci\u00f3n que tambi\u00e9n fue exhibida en Punta Cana Fashion Week.<\/p>\n<p>&nbsp;<\/p>\n<p>A nivel internacional, Rambaldy present\u00f3 Golden Dreams, una propuesta que exalt\u00f3 el amarillo y los tonos dorados, primero en Nuevo Le\u00f3n, M\u00e9xico, durante los Premios Fashion Top Models Internacional, edici\u00f3n M\u00e9xico, y finalmente en la New York Fashion Week.<\/p>\n<p>&nbsp;<\/p>\n<p>&nbsp;<\/p>\n<p>Sobre los Premios Fashion Top Models Internacional<\/p>\n<p>&nbsp;<\/p>\n<p>Los Premios Fashion Top Models Internacional son una plataforma dedicada a reconocer y premiar el talento en el mundo de la moda a nivel nacional e internacional, promoviendo la inclusi\u00f3n, la equidad y la generaci\u00f3n de oportunidades para todos los actores de la industria.<\/p>\n<p>&nbsp;<\/p>\n<p>La edici\u00f3n 2025 de la actividad tuvo como eje tem\u00e1tico lo industrial, concepto que marc\u00f3 la puesta en escena y el lenguaje visual de la pasarela. El evento se desarroll\u00f3 en un sal\u00f3n de 1,780 metros cuadrados, transformado en el epicentro del glamur, la creatividad y la moda, reuniendo a exponentes de m\u00e1s de 20 pa\u00edses.<img loading=\"lazy\" decoding=\"async\" class=\"size-medium wp-image-4655 alignright\" src=\"https:\/\/periodicolarepublica.com\/wp-content\/uploads\/2025\/12\/IMG-20251218-WA0117-300x200.jpg\" alt=\"\" width=\"300\" height=\"200\" srcset=\"https:\/\/periodicolarepublica.com\/wp-content\/uploads\/2025\/12\/IMG-20251218-WA0117-300x200.jpg?v=1766436819 300w, https:\/\/periodicolarepublica.com\/wp-content\/uploads\/2025\/12\/IMG-20251218-WA0117-1024x682.jpg?v=1766436819 1024w, https:\/\/periodicolarepublica.com\/wp-content\/uploads\/2025\/12\/IMG-20251218-WA0117-768x512.jpg?v=1766436819 768w, https:\/\/periodicolarepublica.com\/wp-content\/uploads\/2025\/12\/IMG-20251218-WA0117-1536x1023.jpg?v=1766436819 1536w, https:\/\/periodicolarepublica.com\/wp-content\/uploads\/2025\/12\/IMG-20251218-WA0117-150x100.jpg?v=1766436819 150w, https:\/\/periodicolarepublica.com\/wp-content\/uploads\/2025\/12\/IMG-20251218-WA0117-600x400.jpg?v=1766436819 600w, https:\/\/periodicolarepublica.com\/wp-content\/uploads\/2025\/12\/IMG-20251218-WA0117-696x464.jpg?v=1766436819 696w, https:\/\/periodicolarepublica.com\/wp-content\/uploads\/2025\/12\/IMG-20251218-WA0117-1392x927.jpg?v=1766436819 1392w, https:\/\/periodicolarepublica.com\/wp-content\/uploads\/2025\/12\/IMG-20251218-WA0117-1068x712.jpg?v=1766436819 1068w, https:\/\/periodicolarepublica.com\/wp-content\/uploads\/2025\/12\/IMG-20251218-WA0117.jpg?v=1766436819 1600w\" sizes=\"auto, (max-width: 300px) 100vw, 300px\" \/><\/p>\n","protected":false},"excerpt":{"rendered":"<p>Santo Domingo, RD. \u2014* El dise\u00f1ador dominicano Eddy Rambaldy present\u00f3 su colecci\u00f3n \u201cEddy Rambaldy 2025\u201d en el marco de la sexta edici\u00f3n de los Premios Fashion Top Models Internacional (PFTMI), evento celebrado del 11 al 14 de diciembre en el centro comercial Sambil. &nbsp; La propuesta constituy\u00f3 un recuento creativo de un a\u00f1o intenso y [&hellip;]<\/p>\n","protected":false},"author":10,"featured_media":4655,"comment_status":"open","ping_status":"open","sticky":false,"template":"","format":"standard","meta":{"om_disable_all_campaigns":false,"_monsterinsights_skip_tracking":false,"_monsterinsights_sitenote_active":false,"_monsterinsights_sitenote_note":"","_monsterinsights_sitenote_category":0,"footnotes":""},"categories":[1],"tags":[],"class_list":{"0":"post-4654","1":"post","2":"type-post","3":"status-publish","4":"format-standard","5":"has-post-thumbnail","7":"category-nacionales"},"aioseo_notices":[],"_links":{"self":[{"href":"https:\/\/periodicolarepublica.com\/index.php\/wp-json\/wp\/v2\/posts\/4654","targetHints":{"allow":["GET"]}}],"collection":[{"href":"https:\/\/periodicolarepublica.com\/index.php\/wp-json\/wp\/v2\/posts"}],"about":[{"href":"https:\/\/periodicolarepublica.com\/index.php\/wp-json\/wp\/v2\/types\/post"}],"author":[{"embeddable":true,"href":"https:\/\/periodicolarepublica.com\/index.php\/wp-json\/wp\/v2\/users\/10"}],"replies":[{"embeddable":true,"href":"https:\/\/periodicolarepublica.com\/index.php\/wp-json\/wp\/v2\/comments?post=4654"}],"version-history":[{"count":1,"href":"https:\/\/periodicolarepublica.com\/index.php\/wp-json\/wp\/v2\/posts\/4654\/revisions"}],"predecessor-version":[{"id":4656,"href":"https:\/\/periodicolarepublica.com\/index.php\/wp-json\/wp\/v2\/posts\/4654\/revisions\/4656"}],"wp:featuredmedia":[{"embeddable":true,"href":"https:\/\/periodicolarepublica.com\/index.php\/wp-json\/wp\/v2\/media\/4655"}],"wp:attachment":[{"href":"https:\/\/periodicolarepublica.com\/index.php\/wp-json\/wp\/v2\/media?parent=4654"}],"wp:term":[{"taxonomy":"category","embeddable":true,"href":"https:\/\/periodicolarepublica.com\/index.php\/wp-json\/wp\/v2\/categories?post=4654"},{"taxonomy":"post_tag","embeddable":true,"href":"https:\/\/periodicolarepublica.com\/index.php\/wp-json\/wp\/v2\/tags?post=4654"}],"curies":[{"name":"wp","href":"https:\/\/api.w.org\/{rel}","templated":true}]}}