{"id":4664,"date":"2025-12-22T17:11:04","date_gmt":"2025-12-22T21:11:04","guid":{"rendered":"https:\/\/periodicolarepublica.com\/?p=4664"},"modified":"2025-12-22T17:11:04","modified_gmt":"2025-12-22T21:11:04","slug":"arajet-anuncia-vuelo-directo-punta-cana-mendoza-con-tres-frecuencias-semanales","status":"publish","type":"post","link":"https:\/\/periodicolarepublica.com\/index.php\/2025\/12\/22\/arajet-anuncia-vuelo-directo-punta-cana-mendoza-con-tres-frecuencias-semanales\/","title":{"rendered":"Arajet anuncia vuelo directo Punta Cana &#8211; Mendoza con tres frecuencias semanales"},"content":{"rendered":"<p style=\"text-align: left;\">Arajet, la aerol\u00ednea l\u00edder dominicana, anunci\u00f3 hoy el lanzamiento de su nueva ruta directa entre Punta Cana (PUJ) y la ciudad de Mendoza (MDZ) en Argentina, ruta que iniciar\u00e1 operaciones el 16 de mayo de 2026 con tres frecuencias semanales, los d\u00edas mi\u00e9rcoles, s\u00e1bados y domingos.<\/p>\n<p style=\"text-align: left;\">Con este anuncio, Mendoza se convierte en la cuarta ciudad argentina donde Arajet establece vuelos directos en la Argentina, ampliando la conectividad a\u00e9rea del pa\u00eds suramericano y enriqueciendo la red de m\u00e1s de 28 destinos y 15 pa\u00edses que hoy tiene la aerol\u00ednea.<\/p>\n<p style=\"text-align: left;\">\u201cDesde Mendoza, los pasajeros podr\u00e1n conectar con m\u00e1s de 10 destinos de nuestra amplia red, incluyendo Chicago, Miami, Orlando, Lima, Ciudad de M\u00e9xico, Kingston, entre otros.\u201d, estableci\u00f3 Mercedes Mart\u00ednez, vicepresidente de Alianzas Corporativas de la aerol\u00ednea.<\/p>\n<p style=\"text-align: left;\">Por su parte, el gobernador de Mendoza, Alfredo Cornejo, estableci\u00f3 que \u201cCon este nuevo vuelo, Mendoza suma conectividad internacional eficiente y accesible. Estamos acercando a los Mendozinos al coraz\u00f3n de las am\u00e9ricas, pero tambi\u00e9n estamos abriendo nuestra ciudad para que vengan a conocernos y a disfrutar de los encantos de nuestra naturaleza, vi\u00f1edos de clase mundial y hoteles del m\u00e1s alto nivel.\u201d.<\/p>\n<p><img loading=\"lazy\" decoding=\"async\" class=\"alignnone size-medium wp-image-2818\" src=\"https:\/\/periodicolarepublica.com\/wp-content\/uploads\/2025\/03\/Primer-oficial-Arajet-scaled-e1751301066359-300x220.jpg\" alt=\"\" width=\"300\" height=\"220\" srcset=\"https:\/\/periodicolarepublica.com\/wp-content\/uploads\/2025\/03\/Primer-oficial-Arajet-scaled-e1751301066359-300x220.jpg 300w, https:\/\/periodicolarepublica.com\/wp-content\/uploads\/2025\/03\/Primer-oficial-Arajet-scaled-e1751301066359-768x562.jpg 768w, https:\/\/periodicolarepublica.com\/wp-content\/uploads\/2025\/03\/Primer-oficial-Arajet-scaled-e1751301066359-150x110.jpg 150w, https:\/\/periodicolarepublica.com\/wp-content\/uploads\/2025\/03\/Primer-oficial-Arajet-scaled-e1751301066359-600x439.jpg 600w, https:\/\/periodicolarepublica.com\/wp-content\/uploads\/2025\/03\/Primer-oficial-Arajet-scaled-e1751301066359-696x510.jpg 696w, https:\/\/periodicolarepublica.com\/wp-content\/uploads\/2025\/03\/Primer-oficial-Arajet-scaled-e1751301066359.jpg 937w\" sizes=\"auto, (max-width: 300px) 100vw, 300px\" \/><\/p>\n","protected":false},"excerpt":{"rendered":"<p>Arajet, la aerol\u00ednea l\u00edder dominicana, anunci\u00f3 hoy el lanzamiento de su nueva ruta directa entre Punta Cana (PUJ) y la ciudad de Mendoza (MDZ) en Argentina, ruta que iniciar\u00e1 operaciones el 16 de mayo de 2026 con tres frecuencias semanales, los d\u00edas mi\u00e9rcoles, s\u00e1bados y domingos. Con este anuncio, Mendoza se convierte en la cuarta [&hellip;]<\/p>\n","protected":false},"author":6,"featured_media":2818,"comment_status":"open","ping_status":"open","sticky":false,"template":"","format":"standard","meta":{"om_disable_all_campaigns":false,"_monsterinsights_skip_tracking":false,"_monsterinsights_sitenote_active":false,"_monsterinsights_sitenote_note":"","_monsterinsights_sitenote_category":0,"footnotes":""},"categories":[1],"tags":[],"class_list":{"0":"post-4664","1":"post","2":"type-post","3":"status-publish","4":"format-standard","5":"has-post-thumbnail","7":"category-nacionales"},"aioseo_notices":[],"_links":{"self":[{"href":"https:\/\/periodicolarepublica.com\/index.php\/wp-json\/wp\/v2\/posts\/4664","targetHints":{"allow":["GET"]}}],"collection":[{"href":"https:\/\/periodicolarepublica.com\/index.php\/wp-json\/wp\/v2\/posts"}],"about":[{"href":"https:\/\/periodicolarepublica.com\/index.php\/wp-json\/wp\/v2\/types\/post"}],"author":[{"embeddable":true,"href":"https:\/\/periodicolarepublica.com\/index.php\/wp-json\/wp\/v2\/users\/6"}],"replies":[{"embeddable":true,"href":"https:\/\/periodicolarepublica.com\/index.php\/wp-json\/wp\/v2\/comments?post=4664"}],"version-history":[{"count":1,"href":"https:\/\/periodicolarepublica.com\/index.php\/wp-json\/wp\/v2\/posts\/4664\/revisions"}],"predecessor-version":[{"id":4665,"href":"https:\/\/periodicolarepublica.com\/index.php\/wp-json\/wp\/v2\/posts\/4664\/revisions\/4665"}],"wp:featuredmedia":[{"embeddable":true,"href":"https:\/\/periodicolarepublica.com\/index.php\/wp-json\/wp\/v2\/media\/2818"}],"wp:attachment":[{"href":"https:\/\/periodicolarepublica.com\/index.php\/wp-json\/wp\/v2\/media?parent=4664"}],"wp:term":[{"taxonomy":"category","embeddable":true,"href":"https:\/\/periodicolarepublica.com\/index.php\/wp-json\/wp\/v2\/categories?post=4664"},{"taxonomy":"post_tag","embeddable":true,"href":"https:\/\/periodicolarepublica.com\/index.php\/wp-json\/wp\/v2\/tags?post=4664"}],"curies":[{"name":"wp","href":"https:\/\/api.w.org\/{rel}","templated":true}]}}