{"id":4668,"date":"2025-12-23T09:44:53","date_gmt":"2025-12-23T13:44:53","guid":{"rendered":"https:\/\/periodicolarepublica.com\/?p=4668"},"modified":"2025-12-23T09:44:53","modified_gmt":"2025-12-23T13:44:53","slug":"premios-triunfo-para-emprendedores-2025-reconocen-el-impacto-del-emprendimiento-en-santo-domingo","status":"publish","type":"post","link":"https:\/\/periodicolarepublica.com\/index.php\/2025\/12\/23\/premios-triunfo-para-emprendedores-2025-reconocen-el-impacto-del-emprendimiento-en-santo-domingo\/","title":{"rendered":"Premios Triunfo para Emprendedores 2025 reconocen el impacto del emprendimiento en Santo Domingo"},"content":{"rendered":"<p>Los Premios Triunfo para Emprendedores 2025 celebraron el viernes 19 de diciembre una gala especial en Pyhex Work, en el Distrito Nacional, marcando un nuevo hito en su historia tras anunciar su expansi\u00f3n al Gran Santo Domingo.<\/p>\n<p>Esta iniciativa reafirma su compromiso de reconocer el talento, la perseverancia y la visi\u00f3n de emprendedores que contribuyen al desarrollo econ\u00f3mico y social de la Rep\u00fablica Dominicana.<\/p>\n<p>Durante la premiaci\u00f3n, el CEO de los Premios Triunfo, Yoel Qui\u00f1\u00f3nez, destac\u00f3 que esta expansi\u00f3n responde a la necesidad de acercar el reconocimiento a m\u00e1s comunidades emprendedoras, con miras a continuar creciendo hacia otras provincias del territorio nacional. Se\u00f1al\u00f3, adem\u00e1s, que el objetivo del galard\u00f3n es resaltar historias reales de esfuerzo, superaci\u00f3n y disciplina.<\/p>\n<p>Uno de los momentos centrales de la gala fue la entrega del m\u00e1ximo galard\u00f3n, El Gran Triunfo, otorgado a Wanda S\u00e1nchez, por su destacada trayectoria y sus aportes al ecosistema emprendedor. Asimismo, Amelia Reyes, presidenta de la Sociedad Dominicana de Medios Digitales (SODOMEDI), recibi\u00f3 un reconocimiento especial por su liderazgo, apoyo constante y visi\u00f3n innovadora, impulsando el crecimiento de los medios digitales. Tambi\u00e9n fueron reconocidas otras personalidades por sus aportes y su destacada labor a favor de la sociedad dominicana.<\/p>\n<p>La gala incluy\u00f3 la participaci\u00f3n art\u00edstica del Poeta Callejero, un emotivo homenaje musical a los fallecidos en la tragedia del Jet Set y cerr\u00f3 con la m\u00fasica cristiana de Ariel Kelly.<\/p>\n<p>Esta segunda entrega de los Premios Triunfo para Emprendedores 2025 cont\u00f3 con un equipo organizador encabezado por Yoel Qui\u00f1\u00f3nez, CEO de Premios Triunfo, junto a Melvin Javier, director creativo; Kirsys Garc\u00eda, directora de log\u00edstica; J. Fox, asistente de producci\u00f3n; Edward Urb\u00e1ez, encargado de soporte t\u00e9cnico; y Coralia Lebr\u00f3n, directora de mercadeo y Jessie Bautista en Producci\u00f3n, quienes trabajaron de manera coordinada para garantizar el \u00e9xito de esta gala celebrada en el Distrito Nacional.<\/p>\n<p>*Ganadores de los Premios Triunfo para Emprendedores 2025*<\/p>\n<p>Emprendimiento Actoral: Erlyn Sa\u00fal<\/p>\n<p>Animador Destacado en Eventos y DJs: Plomo Sound Music<\/p>\n<p>Comunicador Destacado: Raymond Moreta<\/p>\n<p>Emprendedor Extranjero Destacado: Miguel Orozco y Fredya Catalina<\/p>\n<p>Artista Pl\u00e1stico Destacado: Adriano Donator<\/p>\n<p>Fot\u00f3grafa Destacada: Elizabeth Santana<\/p>\n<p>Dise\u00f1ador de Modas Destacado: Noel Newman<\/p>\n<p>Artista y\/o Agrupaci\u00f3n Cristiana Destacada: Neuris Jhannett<\/p>\n<p>Artista y\/o Agrupaci\u00f3n Popular Destacada: F\u00e9lix Sinigual<\/p>\n<p>Animador de Eventos Infantiles Destacado: Payaso Chep\u00f3n<\/p>\n<p>Personalidad Influyente del A\u00f1o: Nellys Aybar Matos<\/p>\n<p>Emprendimiento en Eventos y\/o Decoraci\u00f3n: Wendolyn Salda\u00f1a<\/p>\n<p>Mipymes Destacada: Duarte Juli\u00e1n Calzados (DURIC)<\/p>\n<p>Programa Digital y\/o Podcast Destacado: Lo M\u00e1s Ratat\u00e1<\/p>\n<p>Organizaci\u00f3n Comunitaria Destacada: Fundaci\u00f3n Rytma<\/p>\n<p>Agencia Tur\u00edstica Destacada: Urece Travel y N\u00f3madas Travel Agency<\/p>\n<p>Emprendimiento Gastron\u00f3mico Destacado: 89 Grill &amp; Terraza<\/p>\n<p>Artista Urbano Destacado: Tesoro La Promesa y Marino El Abusador<\/p>\n<p>L\u00edder Empresarial Destacado: Musa<\/p>\n<p>El Gran Triunfo: Wanda S\u00e1nchez<\/p>\n<p>Con esta edici\u00f3n, los Premios Triunfo para Emprendedores contin\u00faan posicion\u00e1ndose como un referente nacional en el \u00e1mbito del emprendimiento, promoviendo el crecimiento, la innovaci\u00f3n y el impacto positivo de quienes apuestan por construir oportunidades a trav\u00e9s de sus proyectos.<\/p>\n<p><img loading=\"lazy\" decoding=\"async\" class=\"alignnone size-medium wp-image-4669\" src=\"https:\/\/periodicolarepublica.com\/wp-content\/uploads\/2025\/12\/IMG-20251223-WA0009-scaled-e1766497468664-300x272.jpg\" alt=\"\" width=\"300\" height=\"272\" srcset=\"https:\/\/periodicolarepublica.com\/wp-content\/uploads\/2025\/12\/IMG-20251223-WA0009-scaled-e1766497468664-300x272.jpg 300w, https:\/\/periodicolarepublica.com\/wp-content\/uploads\/2025\/12\/IMG-20251223-WA0009-scaled-e1766497468664-1024x927.jpg 1024w, https:\/\/periodicolarepublica.com\/wp-content\/uploads\/2025\/12\/IMG-20251223-WA0009-scaled-e1766497468664-768x695.jpg 768w, https:\/\/periodicolarepublica.com\/wp-content\/uploads\/2025\/12\/IMG-20251223-WA0009-scaled-e1766497468664-150x136.jpg 150w, https:\/\/periodicolarepublica.com\/wp-content\/uploads\/2025\/12\/IMG-20251223-WA0009-scaled-e1766497468664-600x543.jpg 600w, https:\/\/periodicolarepublica.com\/wp-content\/uploads\/2025\/12\/IMG-20251223-WA0009-scaled-e1766497468664-696x630.jpg 696w, https:\/\/periodicolarepublica.com\/wp-content\/uploads\/2025\/12\/IMG-20251223-WA0009-scaled-e1766497468664-1068x967.jpg 1068w, https:\/\/periodicolarepublica.com\/wp-content\/uploads\/2025\/12\/IMG-20251223-WA0009-scaled-e1766497468664.jpg 1340w\" sizes=\"auto, (max-width: 300px) 100vw, 300px\" \/><\/p>\n","protected":false},"excerpt":{"rendered":"<p>Los Premios Triunfo para Emprendedores 2025 celebraron el viernes 19 de diciembre una gala especial en Pyhex Work, en el Distrito Nacional, marcando un nuevo hito en su historia tras anunciar su expansi\u00f3n al Gran Santo Domingo. Esta iniciativa reafirma su compromiso de reconocer el talento, la perseverancia y la visi\u00f3n de emprendedores que contribuyen [&hellip;]<\/p>\n","protected":false},"author":6,"featured_media":4669,"comment_status":"open","ping_status":"open","sticky":false,"template":"","format":"standard","meta":{"om_disable_all_campaigns":false,"_monsterinsights_skip_tracking":false,"_monsterinsights_sitenote_active":false,"_monsterinsights_sitenote_note":"","_monsterinsights_sitenote_category":0,"footnotes":""},"categories":[1],"tags":[],"class_list":{"0":"post-4668","1":"post","2":"type-post","3":"status-publish","4":"format-standard","5":"has-post-thumbnail","7":"category-nacionales"},"aioseo_notices":[],"_links":{"self":[{"href":"https:\/\/periodicolarepublica.com\/index.php\/wp-json\/wp\/v2\/posts\/4668","targetHints":{"allow":["GET"]}}],"collection":[{"href":"https:\/\/periodicolarepublica.com\/index.php\/wp-json\/wp\/v2\/posts"}],"about":[{"href":"https:\/\/periodicolarepublica.com\/index.php\/wp-json\/wp\/v2\/types\/post"}],"author":[{"embeddable":true,"href":"https:\/\/periodicolarepublica.com\/index.php\/wp-json\/wp\/v2\/users\/6"}],"replies":[{"embeddable":true,"href":"https:\/\/periodicolarepublica.com\/index.php\/wp-json\/wp\/v2\/comments?post=4668"}],"version-history":[{"count":1,"href":"https:\/\/periodicolarepublica.com\/index.php\/wp-json\/wp\/v2\/posts\/4668\/revisions"}],"predecessor-version":[{"id":4670,"href":"https:\/\/periodicolarepublica.com\/index.php\/wp-json\/wp\/v2\/posts\/4668\/revisions\/4670"}],"wp:featuredmedia":[{"embeddable":true,"href":"https:\/\/periodicolarepublica.com\/index.php\/wp-json\/wp\/v2\/media\/4669"}],"wp:attachment":[{"href":"https:\/\/periodicolarepublica.com\/index.php\/wp-json\/wp\/v2\/media?parent=4668"}],"wp:term":[{"taxonomy":"category","embeddable":true,"href":"https:\/\/periodicolarepublica.com\/index.php\/wp-json\/wp\/v2\/categories?post=4668"},{"taxonomy":"post_tag","embeddable":true,"href":"https:\/\/periodicolarepublica.com\/index.php\/wp-json\/wp\/v2\/tags?post=4668"}],"curies":[{"name":"wp","href":"https:\/\/api.w.org\/{rel}","templated":true}]}}