{"id":4671,"date":"2025-12-23T09:47:51","date_gmt":"2025-12-23T13:47:51","guid":{"rendered":"https:\/\/periodicolarepublica.com\/?p=4671"},"modified":"2025-12-23T09:47:51","modified_gmt":"2025-12-23T13:47:51","slug":"gobierno-destaca-acciones-de-acompanamiento-y-convivencia-durante-las-festividades-de-fin-de-ano","status":"publish","type":"post","link":"https:\/\/periodicolarepublica.com\/index.php\/2025\/12\/23\/gobierno-destaca-acciones-de-acompanamiento-y-convivencia-durante-las-festividades-de-fin-de-ano\/","title":{"rendered":"Gobierno destaca acciones de acompa\u00f1amiento y convivencia durante las festividades de fin de a\u00f1o"},"content":{"rendered":"<p>La ministra de Interior y Polic\u00eda, Faride Raful, inform\u00f3 este lunes sobre las acciones especiales de acompa\u00f1amiento, orientaci\u00f3n y prevenci\u00f3n que se desarrollan en todo el territorio nacional con motivo de las festividades de fin de a\u00f1o, con el objetivo de garantizar que la ciudadan\u00eda pueda celebrar en un ambiente de tranquilidad, convivencia y respeto.<\/p>\n<p>&nbsp;<\/p>\n<p>Durante la rueda de prensa semanal posterior a la reuni\u00f3n de seguimiento al Plan de Seguridad Ciudadana, encabezada por el presidente de la Rep\u00fablica, Luis Abinader, Raful explic\u00f3 que estas acciones responden a una planificaci\u00f3n integral, basada en la presencia institucional, la cercan\u00eda comunitaria y la coordinaci\u00f3n interinstitucional.<\/p>\n<p>&nbsp;<\/p>\n<p>\u201cQueremos que las familias dominicanas puedan reencontrarse, compartir y disfrutar estas fechas en paz. Nuestro rol es acompa\u00f1ar, orientar y proteger\u201d, expres\u00f3 la ministra.<\/p>\n<p>&nbsp;<\/p>\n<p>*Acompa\u00f1amiento preventivo en todo el territorio*<\/p>\n<p>&nbsp;<\/p>\n<p>La titular de Interior y Polic\u00eda indic\u00f3 que, durante el per\u00edodo festivo, la Polic\u00eda Nacional y los organismos de seguridad han reforzado la presencia preventiva y de proximidad en zonas comerciales, espacios de recreaci\u00f3n, corredores viales y comunidades priorizadas, con un enfoque disuasivo, preventivo y de apoyo ciudadano.<\/p>\n<p>&nbsp;<\/p>\n<p>Se\u00f1al\u00f3 que estas labores se sustentan en an\u00e1lisis t\u00e9cnicos e indicadores de seguridad, lo que permite una actuaci\u00f3n planificada, focalizada y oportuna.<\/p>\n<p>&nbsp;<\/p>\n<p>*Contexto general de seguridad*<\/p>\n<p>&nbsp;<\/p>\n<p>Raful explic\u00f3 que el comportamiento general de la criminalidad muestra una evoluci\u00f3n favorable en comparaci\u00f3n con a\u00f1os anteriores, lo que ha contribuido a un clima de mayor tranquilidad durante las celebraciones.<\/p>\n<p>&nbsp;<\/p>\n<p>De manera referencial, indic\u00f3 que la tasa acumulada de homicidios en 2025 se sit\u00faa en 7.96 por cada 100,000 habitantes, utilizada como indicador t\u00e9cnico dentro del sistema de seguimiento semanal, y que 26 provincias presentan registros en un solo d\u00edgito, reflejando un comportamiento controlado en la mayor parte del territorio nacional.<\/p>\n<p>&nbsp;<\/p>\n<p>Asimismo, inform\u00f3 que las denuncias por robos mantienen una tendencia positiva, especialmente durante el mes de diciembre, cuando se registraron 3,840 casos, cifra inferior a la observada en meses previos.<\/p>\n<p>&nbsp;<\/p>\n<p>*Intervenciones focalizadas*<\/p>\n<p>&nbsp;<\/p>\n<p>En provincias como San Crist\u00f3bal, la ministra destac\u00f3 los resultados de las intervenciones focalizadas, apoyadas en el reforzamiento del patrullaje, la mejora de la movilidad policial y la operaci\u00f3n del centro de planificaci\u00f3n en Haina, lo que ha permitido respuestas m\u00e1s oportunas y efectivas durante el per\u00edodo festivo.<\/p>\n<p>&nbsp;<\/p>\n<p>*Convivencia y corresponsabilidad*<\/p>\n<p>&nbsp;<\/p>\n<p>Finalmente, Raful reiter\u00f3 la importancia de la corresponsabilidad ciudadana para preservar el clima de armon\u00eda propio de estas fechas, destacando que la seguridad y la convivencia se construyen de manera conjunta entre las autoridades y la sociedad.<\/p>\n<p>&nbsp;<\/p>\n<p>\u201cEstas son fechas para compartir, celebrar y cuidarnos entre todos\u201d, concluy\u00f3.<\/p>\n<figure id=\"attachment_4380\" aria-describedby=\"caption-attachment-4380\" style=\"width: 300px\" class=\"wp-caption alignnone\"><img loading=\"lazy\" decoding=\"async\" class=\"size-medium wp-image-4380\" src=\"https:\/\/periodicolarepublica.com\/wp-content\/uploads\/2025\/11\/images-32-300x300.jpeg\" alt=\"Interior\" width=\"300\" height=\"300\" srcset=\"https:\/\/periodicolarepublica.com\/wp-content\/uploads\/2025\/11\/images-32-300x300.jpeg 300w, https:\/\/periodicolarepublica.com\/wp-content\/uploads\/2025\/11\/images-32-150x150.jpeg 150w, https:\/\/periodicolarepublica.com\/wp-content\/uploads\/2025\/11\/images-32.jpeg 447w\" sizes=\"auto, (max-width: 300px) 100vw, 300px\" \/><figcaption id=\"caption-attachment-4380\" class=\"wp-caption-text\">Interior<\/figcaption><\/figure>\n","protected":false},"excerpt":{"rendered":"<p>La ministra de Interior y Polic\u00eda, Faride Raful, inform\u00f3 este lunes sobre las acciones especiales de acompa\u00f1amiento, orientaci\u00f3n y prevenci\u00f3n que se desarrollan en todo el territorio nacional con motivo de las festividades de fin de a\u00f1o, con el objetivo de garantizar que la ciudadan\u00eda pueda celebrar en un ambiente de tranquilidad, convivencia y respeto. [&hellip;]<\/p>\n","protected":false},"author":6,"featured_media":4380,"comment_status":"open","ping_status":"open","sticky":false,"template":"","format":"standard","meta":{"om_disable_all_campaigns":false,"_monsterinsights_skip_tracking":false,"_monsterinsights_sitenote_active":false,"_monsterinsights_sitenote_note":"","_monsterinsights_sitenote_category":0,"footnotes":""},"categories":[1],"tags":[],"class_list":{"0":"post-4671","1":"post","2":"type-post","3":"status-publish","4":"format-standard","5":"has-post-thumbnail","7":"category-nacionales"},"aioseo_notices":[],"_links":{"self":[{"href":"https:\/\/periodicolarepublica.com\/index.php\/wp-json\/wp\/v2\/posts\/4671","targetHints":{"allow":["GET"]}}],"collection":[{"href":"https:\/\/periodicolarepublica.com\/index.php\/wp-json\/wp\/v2\/posts"}],"about":[{"href":"https:\/\/periodicolarepublica.com\/index.php\/wp-json\/wp\/v2\/types\/post"}],"author":[{"embeddable":true,"href":"https:\/\/periodicolarepublica.com\/index.php\/wp-json\/wp\/v2\/users\/6"}],"replies":[{"embeddable":true,"href":"https:\/\/periodicolarepublica.com\/index.php\/wp-json\/wp\/v2\/comments?post=4671"}],"version-history":[{"count":1,"href":"https:\/\/periodicolarepublica.com\/index.php\/wp-json\/wp\/v2\/posts\/4671\/revisions"}],"predecessor-version":[{"id":4672,"href":"https:\/\/periodicolarepublica.com\/index.php\/wp-json\/wp\/v2\/posts\/4671\/revisions\/4672"}],"wp:featuredmedia":[{"embeddable":true,"href":"https:\/\/periodicolarepublica.com\/index.php\/wp-json\/wp\/v2\/media\/4380"}],"wp:attachment":[{"href":"https:\/\/periodicolarepublica.com\/index.php\/wp-json\/wp\/v2\/media?parent=4671"}],"wp:term":[{"taxonomy":"category","embeddable":true,"href":"https:\/\/periodicolarepublica.com\/index.php\/wp-json\/wp\/v2\/categories?post=4671"},{"taxonomy":"post_tag","embeddable":true,"href":"https:\/\/periodicolarepublica.com\/index.php\/wp-json\/wp\/v2\/tags?post=4671"}],"curies":[{"name":"wp","href":"https:\/\/api.w.org\/{rel}","templated":true}]}}