{"id":4673,"date":"2025-12-23T09:50:16","date_gmt":"2025-12-23T13:50:16","guid":{"rendered":"https:\/\/periodicolarepublica.com\/?p=4673"},"modified":"2025-12-23T09:50:16","modified_gmt":"2025-12-23T13:50:16","slug":"a-puro-merengue-sergio-vargas-enciende-el-malecon-de-san-pedro-de-macoris-en-el-cierre-de-ritmo-de-la-costa","status":"publish","type":"post","link":"https:\/\/periodicolarepublica.com\/index.php\/2025\/12\/23\/a-puro-merengue-sergio-vargas-enciende-el-malecon-de-san-pedro-de-macoris-en-el-cierre-de-ritmo-de-la-costa\/","title":{"rendered":"A puro merengue, Sergio Vargas enciende el malec\u00f3n de San Pedro de Macor\u00eds en el cierre de Ritmo de la Costa"},"content":{"rendered":"<p>Con un espect\u00e1culo vibrante y lleno de energ\u00eda del carism\u00e1tico Sergio Vargas, cientos de petromacorisanos abarrotaron el renovado malec\u00f3n de la Sultana del Este, poniendo un broche de oro a la segunda edici\u00f3n de Ritmo de la Costa, un evento que ha llevado alegr\u00eda y colorido a familias dominicanas y turistas en las costas de cuatro provincias, as\u00ed como en Santo Domingo Este.<\/p>\n<p>El ambiente festivo de la temporada navide\u00f1a se hizo evidente mientras el \u201cNegrito de Villa\u201d interpretaba un repertorio de exitosos merengues rom\u00e1nticos y cl\u00e1sicos de la \u00e9poca dorada del merengue. Con un equipo de sonido de primer nivel y una amplia tarima, Vargas logr\u00f3 contagiar al p\u00fablico desde el primer momento.<\/p>\n<p>Su actuaci\u00f3n, que comenz\u00f3 puntualmente a las diez de la noche del s\u00e1bado 20, se inici\u00f3 con el tema \u201cDile\u201d de su exitoso \u00e1lbum \u201cA Tiempo\u201d, seguido por otros grandes \u00e9xitos como \u201cMarola\u201d, \u201cLas Vampiras\u201d y \u201cMadre\u201d. Sin embargo, fue el tema \u201cFiesta y Fiesta, que siga la fiesta\u201d el que encendi\u00f3 el malec\u00f3n, animando a un p\u00fablico cada vez m\u00e1s joven a acercarse al escenario.<\/p>\n<p>Antes de la presentaci\u00f3n de Vargas, Brea y su Big Band pusieron el ritmo al evento con salsa, bachata y merengue t\u00edpico, mientras que el ballet folcl\u00f3rico del Ministerio de Turismo rememor\u00f3 las ra\u00edces de nuestro ritmo nacional.<\/p>\n<p><img loading=\"lazy\" decoding=\"async\" class=\"alignnone size-medium wp-image-2856\" src=\"https:\/\/periodicolarepublica.com\/wp-content\/uploads\/2025\/03\/Ministerio-de-Turismo-Logo-300x200.jpg\" alt=\"\" width=\"300\" height=\"200\" srcset=\"https:\/\/periodicolarepublica.com\/wp-content\/uploads\/2025\/03\/Ministerio-de-Turismo-Logo-300x200.jpg?v=1742162092 300w, https:\/\/periodicolarepublica.com\/wp-content\/uploads\/2025\/03\/Ministerio-de-Turismo-Logo-150x100.jpg?v=1742162092 150w, https:\/\/periodicolarepublica.com\/wp-content\/uploads\/2025\/03\/Ministerio-de-Turismo-Logo.jpg?v=1742162092 400w\" sizes=\"auto, (max-width: 300px) 100vw, 300px\" \/><\/p>\n","protected":false},"excerpt":{"rendered":"<p>Con un espect\u00e1culo vibrante y lleno de energ\u00eda del carism\u00e1tico Sergio Vargas, cientos de petromacorisanos abarrotaron el renovado malec\u00f3n de la Sultana del Este, poniendo un broche de oro a la segunda edici\u00f3n de Ritmo de la Costa, un evento que ha llevado alegr\u00eda y colorido a familias dominicanas y turistas en las costas de [&hellip;]<\/p>\n","protected":false},"author":6,"featured_media":2856,"comment_status":"open","ping_status":"open","sticky":false,"template":"","format":"standard","meta":{"om_disable_all_campaigns":false,"_monsterinsights_skip_tracking":false,"_monsterinsights_sitenote_active":false,"_monsterinsights_sitenote_note":"","_monsterinsights_sitenote_category":0,"footnotes":""},"categories":[1,20],"tags":[],"class_list":{"0":"post-4673","1":"post","2":"type-post","3":"status-publish","4":"format-standard","5":"has-post-thumbnail","7":"category-nacionales","8":"category-turismo"},"aioseo_notices":[],"_links":{"self":[{"href":"https:\/\/periodicolarepublica.com\/index.php\/wp-json\/wp\/v2\/posts\/4673","targetHints":{"allow":["GET"]}}],"collection":[{"href":"https:\/\/periodicolarepublica.com\/index.php\/wp-json\/wp\/v2\/posts"}],"about":[{"href":"https:\/\/periodicolarepublica.com\/index.php\/wp-json\/wp\/v2\/types\/post"}],"author":[{"embeddable":true,"href":"https:\/\/periodicolarepublica.com\/index.php\/wp-json\/wp\/v2\/users\/6"}],"replies":[{"embeddable":true,"href":"https:\/\/periodicolarepublica.com\/index.php\/wp-json\/wp\/v2\/comments?post=4673"}],"version-history":[{"count":1,"href":"https:\/\/periodicolarepublica.com\/index.php\/wp-json\/wp\/v2\/posts\/4673\/revisions"}],"predecessor-version":[{"id":4674,"href":"https:\/\/periodicolarepublica.com\/index.php\/wp-json\/wp\/v2\/posts\/4673\/revisions\/4674"}],"wp:featuredmedia":[{"embeddable":true,"href":"https:\/\/periodicolarepublica.com\/index.php\/wp-json\/wp\/v2\/media\/2856"}],"wp:attachment":[{"href":"https:\/\/periodicolarepublica.com\/index.php\/wp-json\/wp\/v2\/media?parent=4673"}],"wp:term":[{"taxonomy":"category","embeddable":true,"href":"https:\/\/periodicolarepublica.com\/index.php\/wp-json\/wp\/v2\/categories?post=4673"},{"taxonomy":"post_tag","embeddable":true,"href":"https:\/\/periodicolarepublica.com\/index.php\/wp-json\/wp\/v2\/tags?post=4673"}],"curies":[{"name":"wp","href":"https:\/\/api.w.org\/{rel}","templated":true}]}}