{"id":4677,"date":"2025-12-23T17:08:04","date_gmt":"2025-12-23T21:08:04","guid":{"rendered":"https:\/\/periodicolarepublica.com\/?p=4677"},"modified":"2025-12-23T17:08:04","modified_gmt":"2025-12-23T21:08:04","slug":"ministerio-de-obras-publicas-pone-en-servicio-nuevas-soluciones-viales-para-mejorar-el-transito-en-la-autopista-duarte","status":"publish","type":"post","link":"https:\/\/periodicolarepublica.com\/index.php\/2025\/12\/23\/ministerio-de-obras-publicas-pone-en-servicio-nuevas-soluciones-viales-para-mejorar-el-transito-en-la-autopista-duarte\/","title":{"rendered":"Ministerio de Obras P\u00fablicas pone en servicio nuevas soluciones viales para mejorar el tr\u00e1nsito en la Autopista Duarte"},"content":{"rendered":"<p>El Ministerio de Obras P\u00fablicas y Comunicaciones (MOPC) inform\u00f3 que, como parte de los esfuerzos preventivos para mejorar el flujo vehicular y reducir los accidentes de tr\u00e1nsito durante las festividades navide\u00f1as, dej\u00f3 en servicio el nuevo retorno operacional en el kil\u00f3metro 110 pr\u00f3ximo a la altura de El Pino en La Vega y la ampliaci\u00f3n a seis carriles del puente reconstruido de R\u00edo Verde, en la provincia La Vega.<\/p>\n<p>&nbsp;<\/p>\n<p>El MOPC anunci\u00f3, adem\u00e1s, que en los pr\u00f3ximos d\u00edas entrar\u00e1 en operaci\u00f3n el retorno ubicado en el kil\u00f3metro 25 de la Autopista Duarte, donde anteriormente se encontraba el peaje.<\/p>\n<p>&nbsp;<\/p>\n<p>La instituci\u00f3n destac\u00f3 que estas ejecuciones forman parte de los trabajos de ampliaci\u00f3n de la Autopista Duarte, orientados a modernizar su infraestructura, elevar los est\u00e1ndares de seguridad vial y ofrecer una experiencia de desplazamiento m\u00e1s eficiente y confiable para conductores y pasajeros.<\/p>\n<p>&nbsp;<\/p>\n<p>Direcci\u00f3n de Prensa y Comunicaciones<\/p>\n<p>23 de diciembre 2025<\/p>\n<p>&nbsp;<\/p>\n<p><img loading=\"lazy\" decoding=\"async\" class=\"alignnone size-medium wp-image-4678\" src=\"https:\/\/periodicolarepublica.com\/wp-content\/uploads\/2025\/12\/IMG-20251223-WA0040-e1766524064234-300x237.jpg\" alt=\"\" width=\"300\" height=\"237\" srcset=\"https:\/\/periodicolarepublica.com\/wp-content\/uploads\/2025\/12\/IMG-20251223-WA0040-e1766524064234-300x237.jpg 300w, https:\/\/periodicolarepublica.com\/wp-content\/uploads\/2025\/12\/IMG-20251223-WA0040-e1766524064234-150x118.jpg 150w, https:\/\/periodicolarepublica.com\/wp-content\/uploads\/2025\/12\/IMG-20251223-WA0040-e1766524064234.jpg 567w\" sizes=\"auto, (max-width: 300px) 100vw, 300px\" \/><\/p>\n","protected":false},"excerpt":{"rendered":"<p>El Ministerio de Obras P\u00fablicas y Comunicaciones (MOPC) inform\u00f3 que, como parte de los esfuerzos preventivos para mejorar el flujo vehicular y reducir los accidentes de tr\u00e1nsito durante las festividades navide\u00f1as, dej\u00f3 en servicio el nuevo retorno operacional en el kil\u00f3metro 110 pr\u00f3ximo a la altura de El Pino en La Vega y la ampliaci\u00f3n [&hellip;]<\/p>\n","protected":false},"author":6,"featured_media":4678,"comment_status":"open","ping_status":"open","sticky":false,"template":"","format":"standard","meta":{"om_disable_all_campaigns":false,"_monsterinsights_skip_tracking":false,"_monsterinsights_sitenote_active":false,"_monsterinsights_sitenote_note":"","_monsterinsights_sitenote_category":0,"footnotes":""},"categories":[1],"tags":[],"class_list":{"0":"post-4677","1":"post","2":"type-post","3":"status-publish","4":"format-standard","5":"has-post-thumbnail","7":"category-nacionales"},"aioseo_notices":[],"_links":{"self":[{"href":"https:\/\/periodicolarepublica.com\/index.php\/wp-json\/wp\/v2\/posts\/4677","targetHints":{"allow":["GET"]}}],"collection":[{"href":"https:\/\/periodicolarepublica.com\/index.php\/wp-json\/wp\/v2\/posts"}],"about":[{"href":"https:\/\/periodicolarepublica.com\/index.php\/wp-json\/wp\/v2\/types\/post"}],"author":[{"embeddable":true,"href":"https:\/\/periodicolarepublica.com\/index.php\/wp-json\/wp\/v2\/users\/6"}],"replies":[{"embeddable":true,"href":"https:\/\/periodicolarepublica.com\/index.php\/wp-json\/wp\/v2\/comments?post=4677"}],"version-history":[{"count":1,"href":"https:\/\/periodicolarepublica.com\/index.php\/wp-json\/wp\/v2\/posts\/4677\/revisions"}],"predecessor-version":[{"id":4679,"href":"https:\/\/periodicolarepublica.com\/index.php\/wp-json\/wp\/v2\/posts\/4677\/revisions\/4679"}],"wp:featuredmedia":[{"embeddable":true,"href":"https:\/\/periodicolarepublica.com\/index.php\/wp-json\/wp\/v2\/media\/4678"}],"wp:attachment":[{"href":"https:\/\/periodicolarepublica.com\/index.php\/wp-json\/wp\/v2\/media?parent=4677"}],"wp:term":[{"taxonomy":"category","embeddable":true,"href":"https:\/\/periodicolarepublica.com\/index.php\/wp-json\/wp\/v2\/categories?post=4677"},{"taxonomy":"post_tag","embeddable":true,"href":"https:\/\/periodicolarepublica.com\/index.php\/wp-json\/wp\/v2\/tags?post=4677"}],"curies":[{"name":"wp","href":"https:\/\/api.w.org\/{rel}","templated":true}]}}