{"id":4680,"date":"2025-12-24T08:41:38","date_gmt":"2025-12-24T12:41:38","guid":{"rendered":"https:\/\/periodicolarepublica.com\/?p=4680"},"modified":"2025-12-24T08:41:38","modified_gmt":"2025-12-24T12:41:38","slug":"dr-victor-atallah-desea-una-feliz-navidad-al-pueblo-dominicano","status":"publish","type":"post","link":"https:\/\/periodicolarepublica.com\/index.php\/2025\/12\/24\/dr-victor-atallah-desea-una-feliz-navidad-al-pueblo-dominicano\/","title":{"rendered":"Dr. V\u00edctor Atallah desea una Feliz Navidad al pueblo dominicano"},"content":{"rendered":"<p>&nbsp;<\/p>\n<p>Santo Domingo, R.D. \u2014 El doctor V\u00edctor Atallah envi\u00f3 un c\u00e1lido mensaje de felicitaci\u00f3n al pueblo dominicano con motivo de la celebraci\u00f3n de la Navidad, deseando paz, salud y uni\u00f3n para todas las familias del pa\u00eds.<\/p>\n<p>Atallah expres\u00f3 que estas fechas representan un tiempo de reflexi\u00f3n, esperanza y solidaridad, e hizo un llamado a fortalecer los valores de la fe, el respeto y el amor al pr\u00f3jimo como base para una mejor sociedad.<\/p>\n<p>\u201cQue esta Navidad renueve la esperanza en cada hogar dominicano y nos inspire a seguir trabajando juntos por un pa\u00eds m\u00e1s justo, humano y solidario\u201d, manifest\u00f3.<\/p>\n<p>Finalmente, dese\u00f3 que el nacimiento del Ni\u00f1o Jes\u00fas traiga bendiciones, bienestar y nuevas oportunidades para todos, augurando un a\u00f1o venidero lleno de salud y progreso para la Rep\u00fablica Dominicana.<img loading=\"lazy\" decoding=\"async\" class=\"size-medium wp-image-2740 alignright\" src=\"https:\/\/periodicolarepublica.com\/wp-content\/uploads\/2025\/02\/IMG-20250221-WA0170-300x200.jpg\" alt=\"\" width=\"300\" height=\"200\" srcset=\"https:\/\/periodicolarepublica.com\/wp-content\/uploads\/2025\/02\/IMG-20250221-WA0170-300x200.jpg?v=1740170051 300w, https:\/\/periodicolarepublica.com\/wp-content\/uploads\/2025\/02\/IMG-20250221-WA0170-1024x683.jpg?v=1740170051 1024w, https:\/\/periodicolarepublica.com\/wp-content\/uploads\/2025\/02\/IMG-20250221-WA0170-768x512.jpg?v=1740170051 768w, https:\/\/periodicolarepublica.com\/wp-content\/uploads\/2025\/02\/IMG-20250221-WA0170-1536x1024.jpg?v=1740170051 1536w, https:\/\/periodicolarepublica.com\/wp-content\/uploads\/2025\/02\/IMG-20250221-WA0170-2048x1365.jpg?v=1740170051 2048w, https:\/\/periodicolarepublica.com\/wp-content\/uploads\/2025\/02\/IMG-20250221-WA0170-150x100.jpg?v=1740170051 150w, https:\/\/periodicolarepublica.com\/wp-content\/uploads\/2025\/02\/IMG-20250221-WA0170-600x400.jpg?v=1740170051 600w, https:\/\/periodicolarepublica.com\/wp-content\/uploads\/2025\/02\/IMG-20250221-WA0170-696x464.jpg?v=1740170051 696w, https:\/\/periodicolarepublica.com\/wp-content\/uploads\/2025\/02\/IMG-20250221-WA0170-1392x928.jpg?v=1740170051 1392w, https:\/\/periodicolarepublica.com\/wp-content\/uploads\/2025\/02\/IMG-20250221-WA0170-1068x712.jpg?v=1740170051 1068w, https:\/\/periodicolarepublica.com\/wp-content\/uploads\/2025\/02\/IMG-20250221-WA0170-1920x1280.jpg?v=1740170051 1920w\" sizes=\"auto, (max-width: 300px) 100vw, 300px\" \/><\/p>\n","protected":false},"excerpt":{"rendered":"<p>&nbsp; Santo Domingo, R.D. \u2014 El doctor V\u00edctor Atallah envi\u00f3 un c\u00e1lido mensaje de felicitaci\u00f3n al pueblo dominicano con motivo de la celebraci\u00f3n de la Navidad, deseando paz, salud y uni\u00f3n para todas las familias del pa\u00eds. Atallah expres\u00f3 que estas fechas representan un tiempo de reflexi\u00f3n, esperanza y solidaridad, e hizo un llamado a [&hellip;]<\/p>\n","protected":false},"author":10,"featured_media":2740,"comment_status":"open","ping_status":"open","sticky":false,"template":"","format":"standard","meta":{"om_disable_all_campaigns":false,"_monsterinsights_skip_tracking":false,"_monsterinsights_sitenote_active":false,"_monsterinsights_sitenote_note":"","_monsterinsights_sitenote_category":0,"footnotes":""},"categories":[1],"tags":[],"class_list":{"0":"post-4680","1":"post","2":"type-post","3":"status-publish","4":"format-standard","5":"has-post-thumbnail","7":"category-nacionales"},"aioseo_notices":[],"_links":{"self":[{"href":"https:\/\/periodicolarepublica.com\/index.php\/wp-json\/wp\/v2\/posts\/4680","targetHints":{"allow":["GET"]}}],"collection":[{"href":"https:\/\/periodicolarepublica.com\/index.php\/wp-json\/wp\/v2\/posts"}],"about":[{"href":"https:\/\/periodicolarepublica.com\/index.php\/wp-json\/wp\/v2\/types\/post"}],"author":[{"embeddable":true,"href":"https:\/\/periodicolarepublica.com\/index.php\/wp-json\/wp\/v2\/users\/10"}],"replies":[{"embeddable":true,"href":"https:\/\/periodicolarepublica.com\/index.php\/wp-json\/wp\/v2\/comments?post=4680"}],"version-history":[{"count":1,"href":"https:\/\/periodicolarepublica.com\/index.php\/wp-json\/wp\/v2\/posts\/4680\/revisions"}],"predecessor-version":[{"id":4681,"href":"https:\/\/periodicolarepublica.com\/index.php\/wp-json\/wp\/v2\/posts\/4680\/revisions\/4681"}],"wp:featuredmedia":[{"embeddable":true,"href":"https:\/\/periodicolarepublica.com\/index.php\/wp-json\/wp\/v2\/media\/2740"}],"wp:attachment":[{"href":"https:\/\/periodicolarepublica.com\/index.php\/wp-json\/wp\/v2\/media?parent=4680"}],"wp:term":[{"taxonomy":"category","embeddable":true,"href":"https:\/\/periodicolarepublica.com\/index.php\/wp-json\/wp\/v2\/categories?post=4680"},{"taxonomy":"post_tag","embeddable":true,"href":"https:\/\/periodicolarepublica.com\/index.php\/wp-json\/wp\/v2\/tags?post=4680"}],"curies":[{"name":"wp","href":"https:\/\/api.w.org\/{rel}","templated":true}]}}