{"id":4682,"date":"2025-12-24T08:53:50","date_gmt":"2025-12-24T12:53:50","guid":{"rendered":"https:\/\/periodicolarepublica.com\/?p=4682"},"modified":"2025-12-24T08:53:50","modified_gmt":"2025-12-24T12:53:50","slug":"ing-tomas-hernandez-alberto-desea-una-feliz-navidad-al-pueblo-dominicano","status":"publish","type":"post","link":"https:\/\/periodicolarepublica.com\/index.php\/2025\/12\/24\/ing-tomas-hernandez-alberto-desea-una-feliz-navidad-al-pueblo-dominicano\/","title":{"rendered":"ING. Tom\u00e1s Hern\u00e1ndez Alberto desea una Feliz Navidad al pueblo dominicano"},"content":{"rendered":"<p>&nbsp;<\/p>\n<p>Santo Domingo, \u2013 Con motivo de las festividades navide\u00f1as, el ingeniero Tom\u00e1s Hern\u00e1ndez Alberto, presidente del Movimiento Poder P\u2019AL Pueblo, expres\u00f3 un emotivo mensaje de felicitaci\u00f3n y esperanza a todos los dominicanos y dominicanas, tanto en el pa\u00eds como en el exterior.<\/p>\n<p>Hern\u00e1ndez Alberto destac\u00f3 que la Navidad es un tiempo de reflexi\u00f3n, uni\u00f3n familiar y solidaridad, valores fundamentales para continuar fortaleciendo la convivencia, la paz social y el amor al pr\u00f3jimo en la Rep\u00fablica Dominicana.<\/p>\n<p>\u201cQue esta Navidad llegue a cada hogar dominicano cargada de salud, fe, uni\u00f3n y prosperidad. Es un tiempo para agradecer, compartir y renovar el compromiso con una naci\u00f3n m\u00e1s justa, solidaria y humana\u201d, expres\u00f3 el presidente del Movimiento Poder P\u2019AL Pueblo.<\/p>\n<p>Asimismo, hizo un llamado a mantener la esperanza y la confianza en el futuro del pa\u00eds, resaltando la importancia de trabajar juntos por el bienestar colectivo, especialmente en favor de los sectores m\u00e1s vulnerables de la sociedad.<\/p>\n<p>El ingeniero Tom\u00e1s Hern\u00e1ndez Alberto reiter\u00f3 su compromiso de continuar luchando y trabajando por un pueblo con m\u00e1s oportunidades, dignidad y progreso.<\/p>\n<p>\u00a1Feliz Navidad y un pr\u00f3spero A\u00f1o Nuevo para todo el pueblo dominicano!<img loading=\"lazy\" decoding=\"async\" class=\"size-medium wp-image-4537 alignright\" src=\"https:\/\/periodicolarepublica.com\/wp-content\/uploads\/2025\/12\/IMG_20251205_171016-300x195.jpg\" alt=\"\" width=\"300\" height=\"195\" srcset=\"https:\/\/periodicolarepublica.com\/wp-content\/uploads\/2025\/12\/IMG_20251205_171016-300x195.jpg?v=1764969144 300w, https:\/\/periodicolarepublica.com\/wp-content\/uploads\/2025\/12\/IMG_20251205_171016-768x499.jpg?v=1764969144 768w, https:\/\/periodicolarepublica.com\/wp-content\/uploads\/2025\/12\/IMG_20251205_171016-150x97.jpg?v=1764969144 150w, https:\/\/periodicolarepublica.com\/wp-content\/uploads\/2025\/12\/IMG_20251205_171016-600x390.jpg?v=1764969144 600w, https:\/\/periodicolarepublica.com\/wp-content\/uploads\/2025\/12\/IMG_20251205_171016-696x452.jpg?v=1764969144 696w, https:\/\/periodicolarepublica.com\/wp-content\/uploads\/2025\/12\/IMG_20251205_171016.jpg?v=1764969144 953w\" sizes=\"auto, (max-width: 300px) 100vw, 300px\" \/><\/p>\n","protected":false},"excerpt":{"rendered":"<p>&nbsp; Santo Domingo, \u2013 Con motivo de las festividades navide\u00f1as, el ingeniero Tom\u00e1s Hern\u00e1ndez Alberto, presidente del Movimiento Poder P\u2019AL Pueblo, expres\u00f3 un emotivo mensaje de felicitaci\u00f3n y esperanza a todos los dominicanos y dominicanas, tanto en el pa\u00eds como en el exterior. Hern\u00e1ndez Alberto destac\u00f3 que la Navidad es un tiempo de reflexi\u00f3n, uni\u00f3n [&hellip;]<\/p>\n","protected":false},"author":10,"featured_media":4537,"comment_status":"open","ping_status":"open","sticky":false,"template":"","format":"standard","meta":{"om_disable_all_campaigns":false,"_monsterinsights_skip_tracking":false,"_monsterinsights_sitenote_active":false,"_monsterinsights_sitenote_note":"","_monsterinsights_sitenote_category":0,"footnotes":""},"categories":[1],"tags":[],"class_list":{"0":"post-4682","1":"post","2":"type-post","3":"status-publish","4":"format-standard","5":"has-post-thumbnail","7":"category-nacionales"},"aioseo_notices":[],"_links":{"self":[{"href":"https:\/\/periodicolarepublica.com\/index.php\/wp-json\/wp\/v2\/posts\/4682","targetHints":{"allow":["GET"]}}],"collection":[{"href":"https:\/\/periodicolarepublica.com\/index.php\/wp-json\/wp\/v2\/posts"}],"about":[{"href":"https:\/\/periodicolarepublica.com\/index.php\/wp-json\/wp\/v2\/types\/post"}],"author":[{"embeddable":true,"href":"https:\/\/periodicolarepublica.com\/index.php\/wp-json\/wp\/v2\/users\/10"}],"replies":[{"embeddable":true,"href":"https:\/\/periodicolarepublica.com\/index.php\/wp-json\/wp\/v2\/comments?post=4682"}],"version-history":[{"count":1,"href":"https:\/\/periodicolarepublica.com\/index.php\/wp-json\/wp\/v2\/posts\/4682\/revisions"}],"predecessor-version":[{"id":4683,"href":"https:\/\/periodicolarepublica.com\/index.php\/wp-json\/wp\/v2\/posts\/4682\/revisions\/4683"}],"wp:featuredmedia":[{"embeddable":true,"href":"https:\/\/periodicolarepublica.com\/index.php\/wp-json\/wp\/v2\/media\/4537"}],"wp:attachment":[{"href":"https:\/\/periodicolarepublica.com\/index.php\/wp-json\/wp\/v2\/media?parent=4682"}],"wp:term":[{"taxonomy":"category","embeddable":true,"href":"https:\/\/periodicolarepublica.com\/index.php\/wp-json\/wp\/v2\/categories?post=4682"},{"taxonomy":"post_tag","embeddable":true,"href":"https:\/\/periodicolarepublica.com\/index.php\/wp-json\/wp\/v2\/tags?post=4682"}],"curies":[{"name":"wp","href":"https:\/\/api.w.org\/{rel}","templated":true}]}}