{"id":4686,"date":"2025-12-24T23:18:29","date_gmt":"2025-12-25T03:18:29","guid":{"rendered":"https:\/\/periodicolarepublica.com\/?p=4686"},"modified":"2025-12-24T23:18:29","modified_gmt":"2025-12-25T03:18:29","slug":"republica-dominicana-acogera-la-primera-cumbre-latinoamericana-de-turismo-deportivo-de-montana","status":"publish","type":"post","link":"https:\/\/periodicolarepublica.com\/index.php\/2025\/12\/24\/republica-dominicana-acogera-la-primera-cumbre-latinoamericana-de-turismo-deportivo-de-montana\/","title":{"rendered":"Rep\u00fablica Dominicana acoger\u00e1 la primera Cumbre Latinoamericana de Turismo Deportivo de Monta\u00f1a"},"content":{"rendered":"<p>La Rep\u00fablica Dominicana ser\u00e1 sede del LATAM Trail Summit 2026, la primera cumbre nacional y latinoamericana dedicada al turismo deportivo de monta\u00f1a, un encuentro que reunir\u00e1 a actores clave del ecosistema del trail running, el turismo sostenible y regenerativo, el sector p\u00fablico\u2013privado, las comunidades de monta\u00f1a y referentes internacionales del sector.<\/p>\n<p>El evento se celebrar\u00e1 los d\u00edas 6 y 7 de marzo de 2026 en Santo Domingo, y nace con el objetivo de posicionar al pa\u00eds como un punto estrat\u00e9gico para el desarrollo del turismo deportivo de monta\u00f1a en Am\u00e9rica Latina, fortaleciendo una visi\u00f3n integrada que combine deporte, territorio, sostenibilidad y desarrollo econ\u00f3mico local.<\/p>\n<p>El LATAM Trail Summit nace como una plataforma regional orientada a posicionar a la Rep\u00fablica Dominicana como referente del turismo deportivo de monta\u00f1a, impulsando los destinos de monta\u00f1a como escenarios tur\u00edsticos, deportivos y de inversi\u00f3n. Asimismo, busca conectar al sector p\u00fablico y privado, marcas, organizadores de eventos, atletas, cl\u00fasteres tur\u00edsticos y comunidades locales, generando impacto econ\u00f3mico, social y territorial, alineado con las tendencias globales del turismo activo y experiencial.<\/p>\n<p>La agenda del evento contempla conferencias magistrales, paneles especializados, talleres pr\u00e1cticos simult\u00e1neos y una feria de proyectos y destinos, donde se presentar\u00e1n iniciativas vinculadas al trail running, el turismo de monta\u00f1a, el turismo comunitario y los deportes en entornos naturales.<\/p>\n<p>Como parte del programa, el LATAM Trail Summit incluir\u00e1 un Encuentro Institucional de Alto Nivel, concebido como un espacio de di\u00e1logo, cooperaci\u00f3n regional y construcci\u00f3n de alianzas estrat\u00e9gicas entre pa\u00edses, destinos, organizaciones, marcas e instituciones vinculadas al turismo deportivo.<\/p>\n<p>De acuerdo con la organizaci\u00f3n, la cumbre busca articular esfuerzos entre instituciones, sector privado, comunidades y academia, generando un espacio de reflexi\u00f3n y acci\u00f3n que impulse nuevas oportunidades para los territorios de monta\u00f1a y fortalezca la proyecci\u00f3n internacional de la Rep\u00fablica Dominicana en este segmento en crecimiento.<\/p>\n<p>La participaci\u00f3n en el LATAM Trail Summit 2026 es libre de costo, con registro previo obligatorio.<\/p>\n<p>El registro oficial ya se encuentra habilitado en:<\/p>\n<p>www.latamtrailsummit.com<\/p>\n<figure id=\"attachment_4688\" aria-describedby=\"caption-attachment-4688\" style=\"width: 300px\" class=\"wp-caption alignnone\"><img loading=\"lazy\" decoding=\"async\" class=\"size-medium wp-image-4688\" src=\"https:\/\/periodicolarepublica.com\/wp-content\/uploads\/2025\/12\/Outlook-fky5wcof-300x160.jpg\" alt=\"Latam Trail\" width=\"300\" height=\"160\" \/><figcaption id=\"caption-attachment-4688\" class=\"wp-caption-text\">Latam Trail<\/figcaption><\/figure>\n","protected":false},"excerpt":{"rendered":"<p>La Rep\u00fablica Dominicana ser\u00e1 sede del LATAM Trail Summit 2026, la primera cumbre nacional y latinoamericana dedicada al turismo deportivo de monta\u00f1a, un encuentro que reunir\u00e1 a actores clave del ecosistema del trail running, el turismo sostenible y regenerativo, el sector p\u00fablico\u2013privado, las comunidades de monta\u00f1a y referentes internacionales del sector. El evento se celebrar\u00e1 [&hellip;]<\/p>\n","protected":false},"author":6,"featured_media":4688,"comment_status":"open","ping_status":"open","sticky":false,"template":"","format":"standard","meta":{"om_disable_all_campaigns":false,"_monsterinsights_skip_tracking":false,"_monsterinsights_sitenote_active":false,"_monsterinsights_sitenote_note":"","_monsterinsights_sitenote_category":0,"footnotes":""},"categories":[1],"tags":[],"class_list":{"0":"post-4686","1":"post","2":"type-post","3":"status-publish","4":"format-standard","5":"has-post-thumbnail","7":"category-nacionales"},"aioseo_notices":[],"_links":{"self":[{"href":"https:\/\/periodicolarepublica.com\/index.php\/wp-json\/wp\/v2\/posts\/4686","targetHints":{"allow":["GET"]}}],"collection":[{"href":"https:\/\/periodicolarepublica.com\/index.php\/wp-json\/wp\/v2\/posts"}],"about":[{"href":"https:\/\/periodicolarepublica.com\/index.php\/wp-json\/wp\/v2\/types\/post"}],"author":[{"embeddable":true,"href":"https:\/\/periodicolarepublica.com\/index.php\/wp-json\/wp\/v2\/users\/6"}],"replies":[{"embeddable":true,"href":"https:\/\/periodicolarepublica.com\/index.php\/wp-json\/wp\/v2\/comments?post=4686"}],"version-history":[{"count":2,"href":"https:\/\/periodicolarepublica.com\/index.php\/wp-json\/wp\/v2\/posts\/4686\/revisions"}],"predecessor-version":[{"id":4689,"href":"https:\/\/periodicolarepublica.com\/index.php\/wp-json\/wp\/v2\/posts\/4686\/revisions\/4689"}],"wp:featuredmedia":[{"embeddable":true,"href":"https:\/\/periodicolarepublica.com\/index.php\/wp-json\/wp\/v2\/media\/4688"}],"wp:attachment":[{"href":"https:\/\/periodicolarepublica.com\/index.php\/wp-json\/wp\/v2\/media?parent=4686"}],"wp:term":[{"taxonomy":"category","embeddable":true,"href":"https:\/\/periodicolarepublica.com\/index.php\/wp-json\/wp\/v2\/categories?post=4686"},{"taxonomy":"post_tag","embeddable":true,"href":"https:\/\/periodicolarepublica.com\/index.php\/wp-json\/wp\/v2\/tags?post=4686"}],"curies":[{"name":"wp","href":"https:\/\/api.w.org\/{rel}","templated":true}]}}