{"id":4690,"date":"2025-12-24T23:23:10","date_gmt":"2025-12-25T03:23:10","guid":{"rendered":"https:\/\/periodicolarepublica.com\/?p=4690"},"modified":"2025-12-24T23:23:10","modified_gmt":"2025-12-25T03:23:10","slug":"foro-domadrid-reconocio-a-personalidades-y-asociaciones-en-el-marco-de-rd-exquisita-2025","status":"publish","type":"post","link":"https:\/\/periodicolarepublica.com\/index.php\/2025\/12\/24\/foro-domadrid-reconocio-a-personalidades-y-asociaciones-en-el-marco-de-rd-exquisita-2025\/","title":{"rendered":"Foro DoMadrid reconoci\u00f3 a personalidades y asociaciones en el marco de RD Exquisita 2025"},"content":{"rendered":"<p>Madrid se convirti\u00f3 en el escenario donde el Foro DoMadrid reconoci\u00f3 a figuras clave del sector p\u00fablico, empresarial y comunitario que han fortalecido las relaciones comerciales y la integraci\u00f3n social entre Rep\u00fablica Dominicana y Espa\u00f1a, en el marco de la primera edici\u00f3n del festival gastron\u00f3mico RD Exquisita.<\/p>\n<p>&nbsp;<\/p>\n<p>Rodrigo de la Mota, quien dirigi\u00f3 la oficina de atracci\u00f3n de inversiones de la Comunidad de Madrid, Invest in Madrid, entre 2021 y 2023, fue reconocido por su labor en la promoci\u00f3n de Madrid como destino de inversi\u00f3n extranjera, impulsando la recepci\u00f3n de inversiones en la regi\u00f3n procedentes de pa\u00edses latinoamericanos.<\/p>\n<p>&nbsp;<\/p>\n<p>Mar\u00eda Dolores Navarro Ruiz, actual concejala presidenta del distrito de Arganzuela del Ayuntamiento de Madrid, fue destacada por su trayectoria en pol\u00edticas sociales. Navarro se desempe\u00f1\u00f3 como directora general de Integraci\u00f3n de la Consejer\u00eda de Familia, Juventud y Pol\u00edtica Social de la Comunidad de Madrid entre 2021 y 2023.<\/p>\n<p>&nbsp;<\/p>\n<p>Iv\u00e1n Garc\u00eda, presidente de la Federaci\u00f3n Dominicana de Comerciantes, entidad con m\u00e1s de 50 a\u00f1os de fundada, recibi\u00f3 reconocimiento por su liderazgo al frente de una organizaci\u00f3n que agrupa m\u00e1s de 432 asociaciones empresariales con 63,300 afiliados en territorio dominicano, siendo el gremio comercial de mayor representaci\u00f3n en el pa\u00eds.<\/p>\n<p>El acto de reconocimientos se realiz\u00f3 en el marco de la gala empresarial celebrada en el restaurante Vainita Con Tost\u00f3n, ubicado en el distrito de Arganzuela, consolidando a RD Exquisita como un puente entre ambas naciones.<\/p>\n<p><img loading=\"lazy\" decoding=\"async\" class=\"alignnone size-medium wp-image-4691\" src=\"https:\/\/periodicolarepublica.com\/wp-content\/uploads\/2025\/12\/page-300x300.jpg\" alt=\"\" width=\"300\" height=\"300\" srcset=\"https:\/\/periodicolarepublica.com\/wp-content\/uploads\/2025\/12\/page-300x300.jpg 300w, https:\/\/periodicolarepublica.com\/wp-content\/uploads\/2025\/12\/page-150x150.jpg 150w, https:\/\/periodicolarepublica.com\/wp-content\/uploads\/2025\/12\/page.jpg 600w\" sizes=\"auto, (max-width: 300px) 100vw, 300px\" \/><\/p>\n","protected":false},"excerpt":{"rendered":"<p>Madrid se convirti\u00f3 en el escenario donde el Foro DoMadrid reconoci\u00f3 a figuras clave del sector p\u00fablico, empresarial y comunitario que han fortalecido las relaciones comerciales y la integraci\u00f3n social entre Rep\u00fablica Dominicana y Espa\u00f1a, en el marco de la primera edici\u00f3n del festival gastron\u00f3mico RD Exquisita. &nbsp; Rodrigo de la Mota, quien dirigi\u00f3 la [&hellip;]<\/p>\n","protected":false},"author":6,"featured_media":4691,"comment_status":"open","ping_status":"open","sticky":false,"template":"","format":"standard","meta":{"om_disable_all_campaigns":false,"_monsterinsights_skip_tracking":false,"_monsterinsights_sitenote_active":false,"_monsterinsights_sitenote_note":"","_monsterinsights_sitenote_category":0,"footnotes":""},"categories":[1],"tags":[],"class_list":{"0":"post-4690","1":"post","2":"type-post","3":"status-publish","4":"format-standard","5":"has-post-thumbnail","7":"category-nacionales"},"aioseo_notices":[],"_links":{"self":[{"href":"https:\/\/periodicolarepublica.com\/index.php\/wp-json\/wp\/v2\/posts\/4690","targetHints":{"allow":["GET"]}}],"collection":[{"href":"https:\/\/periodicolarepublica.com\/index.php\/wp-json\/wp\/v2\/posts"}],"about":[{"href":"https:\/\/periodicolarepublica.com\/index.php\/wp-json\/wp\/v2\/types\/post"}],"author":[{"embeddable":true,"href":"https:\/\/periodicolarepublica.com\/index.php\/wp-json\/wp\/v2\/users\/6"}],"replies":[{"embeddable":true,"href":"https:\/\/periodicolarepublica.com\/index.php\/wp-json\/wp\/v2\/comments?post=4690"}],"version-history":[{"count":1,"href":"https:\/\/periodicolarepublica.com\/index.php\/wp-json\/wp\/v2\/posts\/4690\/revisions"}],"predecessor-version":[{"id":4692,"href":"https:\/\/periodicolarepublica.com\/index.php\/wp-json\/wp\/v2\/posts\/4690\/revisions\/4692"}],"wp:featuredmedia":[{"embeddable":true,"href":"https:\/\/periodicolarepublica.com\/index.php\/wp-json\/wp\/v2\/media\/4691"}],"wp:attachment":[{"href":"https:\/\/periodicolarepublica.com\/index.php\/wp-json\/wp\/v2\/media?parent=4690"}],"wp:term":[{"taxonomy":"category","embeddable":true,"href":"https:\/\/periodicolarepublica.com\/index.php\/wp-json\/wp\/v2\/categories?post=4690"},{"taxonomy":"post_tag","embeddable":true,"href":"https:\/\/periodicolarepublica.com\/index.php\/wp-json\/wp\/v2\/tags?post=4690"}],"curies":[{"name":"wp","href":"https:\/\/api.w.org\/{rel}","templated":true}]}}