{"id":4693,"date":"2025-12-22T23:23:54","date_gmt":"2025-12-23T03:23:54","guid":{"rendered":"https:\/\/periodicolarepublica.com\/?p=4693"},"modified":"2025-12-24T23:25:07","modified_gmt":"2025-12-25T03:25:07","slug":"propeep-culmina-primera-etapa-de-celebraciones-navidenas-con-mas-de-60-actividades-comunitarias","status":"publish","type":"post","link":"https:\/\/periodicolarepublica.com\/index.php\/2025\/12\/22\/propeep-culmina-primera-etapa-de-celebraciones-navidenas-con-mas-de-60-actividades-comunitarias\/","title":{"rendered":"Propeep culmina primera etapa de celebraciones navide\u00f1as con m\u00e1s de 60 actividades comunitarias"},"content":{"rendered":"<p>Del 1ro. al 21 de Diciembre se han realizado un total de 66 actividades, incluyendo un concurrido concierto cristiano en SDE_<\/p>\n<p>*Santo Domingo, RD.-* En el marco del programa La Brisita Navide\u00f1a y siguiendo las instrucciones del presidente Luis Abinader, los Proyectos Estrat\u00e9gicos y Especiales de la Presidencia (Propeep) ha desarrollado m\u00e1s de 60 actividades del 1ro. al 21 de Diciembre, con motivo de las fiestas de Navidad en distintas provincias y municipios del pa\u00eds, llevando alegr\u00eda, solidaridad y esperanza a miles de familias dominicanas.<\/p>\n<p>&nbsp;<\/p>\n<p>Estas iniciativas forman parte del compromiso del Gobierno de acercar las pol\u00edticas sociales a las comunidades m\u00e1s vulnerables, especialmente durante una \u00e9poca tan significativa como la Navidad, caracterizada por el compartir, la unidad familiar y la renovaci\u00f3n de valores cristianos y humanos.<\/p>\n<p>&nbsp;<\/p>\n<p>El director general de Propeep, Robert Polanco, explic\u00f3 que las actividades navide\u00f1as realizadas incluyen encendidos de Parques de Luces, jornadas de inclusi\u00f3n social especial, Paseo de los Colores, almuerzos y cenas navide\u00f1as, as\u00ed como la entrega de electrodom\u00e9sticos y art\u00edculos del hogar a familias de escasos recursos.<\/p>\n<p>&nbsp;<\/p>\n<p>De igual forma, se han desarrollado presentaciones art\u00edsticas, actividades culturales y conciertos cristianos, creando espacios de sana convivencia y celebraci\u00f3n comunitaria.<\/p>\n<p>&nbsp;<\/p>\n<p>\u201cEstas acciones reflejan el inter\u00e9s del presidente Luis Abinader de que ninguna familia dominicana se quede sin sentir la alegr\u00eda de la Navidad. Estamos recorriendo todo el territorio nacional llevando luz, colorido, solidaridad y un mensaje de esperanza a nuestra gente\u201d, expres\u00f3 Polanco.<\/p>\n<p>&nbsp;<\/p>\n<p>Los Parques de Luces, uno de los atractivos m\u00e1s esperados por ni\u00f1os, j\u00f3venes y adultos, se han convertido en puntos de encuentro familiar, donde la m\u00fasica, las luces y las decoraciones navide\u00f1as fortalecen el esp\u00edritu festivo y fomentan la integraci\u00f3n social. A su vez, las jornadas de inclusi\u00f3n social han permitido acercar servicios y ayudas directas a comunidades vulnerables, reafirmando el enfoque humano de estas iniciativas.<\/p>\n<p>&nbsp;<\/p>\n<p>Las cenas y almuerzos navide\u00f1os han sido organizados en coordinaci\u00f3n con l\u00edderes comunitarios, autoridades locales y organizaciones sociales, permitiendo que cientos de familias compartan un momento especial en un ambiente de fraternidad y respeto. Asimismo, la entrega de electrodom\u00e9sticos ha contribuido a mejorar la calidad de vida de los beneficiarios, especialmente de madres solteras, adultos mayores y personas en condiciones de vulnerabilidad.<\/p>\n<p>&nbsp;<\/p>\n<p>Propeep tambi\u00e9n ha promovido actividades de car\u00e1cter espiritual, como conciertos cristianos y mensajes de reflexi\u00f3n, resaltando los valores de la fe, la paz y la solidaridad que caracterizan la celebraci\u00f3n del nacimiento del Ni\u00f1o Jes\u00fas.<\/p>\n<p>&nbsp;<\/p>\n<p>Con estas 66 actividades navide\u00f1as, Propeep reafirma su compromiso de seguir trabajando por el bienestar social, fortaleciendo los lazos comunitarios y promoviendo una Navidad digna, solidaria y llena de esperanza para todas las familias dominicanas.<\/p>\n<p>&nbsp;<\/p>\n<p>*Direcci\u00f3n de Comunicaciones Propeep*<\/p>\n<p>22 de Diciembre 2015<\/p>\n<figure id=\"attachment_3082\" aria-describedby=\"caption-attachment-3082\" style=\"width: 300px\" class=\"wp-caption alignnone\"><img loading=\"lazy\" decoding=\"async\" class=\"size-medium wp-image-3082\" src=\"https:\/\/periodicolarepublica.com\/wp-content\/uploads\/2025\/04\/IMG-20250424-WA0016-300x200.jpg\" alt=\"\" width=\"300\" height=\"200\" \/><figcaption id=\"caption-attachment-3082\" class=\"wp-caption-text\">Foto de archivo<\/figcaption><\/figure>\n","protected":false},"excerpt":{"rendered":"<p>Del 1ro. al 21 de Diciembre se han realizado un total de 66 actividades, incluyendo un concurrido concierto cristiano en SDE_ *Santo Domingo, RD.-* En el marco del programa La Brisita Navide\u00f1a y siguiendo las instrucciones del presidente Luis Abinader, los Proyectos Estrat\u00e9gicos y Especiales de la Presidencia (Propeep) ha desarrollado m\u00e1s de 60 actividades [&hellip;]<\/p>\n","protected":false},"author":1,"featured_media":3082,"comment_status":"open","ping_status":"open","sticky":false,"template":"","format":"standard","meta":{"om_disable_all_campaigns":false,"_monsterinsights_skip_tracking":false,"_monsterinsights_sitenote_active":false,"_monsterinsights_sitenote_note":"","_monsterinsights_sitenote_category":0,"footnotes":""},"categories":[1],"tags":[],"class_list":{"0":"post-4693","1":"post","2":"type-post","3":"status-publish","4":"format-standard","5":"has-post-thumbnail","7":"category-nacionales"},"aioseo_notices":[],"_links":{"self":[{"href":"https:\/\/periodicolarepublica.com\/index.php\/wp-json\/wp\/v2\/posts\/4693","targetHints":{"allow":["GET"]}}],"collection":[{"href":"https:\/\/periodicolarepublica.com\/index.php\/wp-json\/wp\/v2\/posts"}],"about":[{"href":"https:\/\/periodicolarepublica.com\/index.php\/wp-json\/wp\/v2\/types\/post"}],"author":[{"embeddable":true,"href":"https:\/\/periodicolarepublica.com\/index.php\/wp-json\/wp\/v2\/users\/1"}],"replies":[{"embeddable":true,"href":"https:\/\/periodicolarepublica.com\/index.php\/wp-json\/wp\/v2\/comments?post=4693"}],"version-history":[{"count":1,"href":"https:\/\/periodicolarepublica.com\/index.php\/wp-json\/wp\/v2\/posts\/4693\/revisions"}],"predecessor-version":[{"id":4694,"href":"https:\/\/periodicolarepublica.com\/index.php\/wp-json\/wp\/v2\/posts\/4693\/revisions\/4694"}],"wp:featuredmedia":[{"embeddable":true,"href":"https:\/\/periodicolarepublica.com\/index.php\/wp-json\/wp\/v2\/media\/3082"}],"wp:attachment":[{"href":"https:\/\/periodicolarepublica.com\/index.php\/wp-json\/wp\/v2\/media?parent=4693"}],"wp:term":[{"taxonomy":"category","embeddable":true,"href":"https:\/\/periodicolarepublica.com\/index.php\/wp-json\/wp\/v2\/categories?post=4693"},{"taxonomy":"post_tag","embeddable":true,"href":"https:\/\/periodicolarepublica.com\/index.php\/wp-json\/wp\/v2\/tags?post=4693"}],"curies":[{"name":"wp","href":"https:\/\/api.w.org\/{rel}","templated":true}]}}