{"id":4695,"date":"2025-12-21T23:29:08","date_gmt":"2025-12-22T03:29:08","guid":{"rendered":"https:\/\/periodicolarepublica.com\/?p=4695"},"modified":"2025-12-24T23:29:24","modified_gmt":"2025-12-25T03:29:24","slug":"amigos-que-suman-celebra-tradicional-encuentro-navideno-y-reconoce-trayectoria-de-milagros-german","status":"publish","type":"post","link":"https:\/\/periodicolarepublica.com\/index.php\/2025\/12\/21\/amigos-que-suman-celebra-tradicional-encuentro-navideno-y-reconoce-trayectoria-de-milagros-german\/","title":{"rendered":"\u201cAmigos que Suman celebra tradicional encuentro navide\u00f1o y reconoce trayectoria de Milagros Germ\u00e1n\u201d"},"content":{"rendered":"<p>La iniciativa Amigos que Suman, de GALA Media Group, celebr\u00f3 su encuentro navide\u00f1o 2025, en el que reconoci\u00f3 la destacada trayectoria de la comunicadora Milagros Germ\u00e1n, en una jornada de confraternidad que reuni\u00f3 a reconocidas personalidades del \u00e1mbito pol\u00edtico, empresarial, social y de la comunicaci\u00f3n.<\/p>\n<p>&nbsp;<\/p>\n<p>&nbsp;<\/p>\n<p>&nbsp;<\/p>\n<p>La actividad fue realizada con el prop\u00f3sito de fortalecer los v\u00ednculos humanos y promover el di\u00e1logo plural en beneficio del pa\u00eds, reafirmando que esta iniciativa, con ocho a\u00f1os de trayectoria, se ha consolidado como un espacio de intercambio de ideas, experiencias y visiones comunes entre l\u00edderes de distintos sectores e ideolog\u00edas.<\/p>\n<p>&nbsp;<\/p>\n<p>&nbsp;<\/p>\n<p>&nbsp;<\/p>\n<p>Durante las palabras de bienvenida, Ruddy De los Santos, fundador de Amigos que Suman y presidente ejecutivo de GALA Media Group, destac\u00f3 que \u201ceste encuentro trasciende la agenda social para convertirse en un espacio plural, donde convergen legisladores, funcionarios, empresarios y comunicadores, unidos por el compromiso de aportar al desarrollo del pa\u00eds. Por ello, hemos decidido dedicar esta edici\u00f3n a Milagros Germ\u00e1n, en reconocimiento a su trayectoria y a un ejercicio profesional marcado por la decencia, el compromiso y el respeto por lo institucional\u201d.<\/p>\n<p><img loading=\"lazy\" decoding=\"async\" class=\"alignnone size-medium wp-image-4696\" src=\"https:\/\/periodicolarepublica.com\/wp-content\/uploads\/2025\/12\/Amigos-que-Suman-celebra-tradicional-encuentro-navideno-5-e1766633288924-300x258.jpeg\" alt=\"\" width=\"300\" height=\"258\" srcset=\"https:\/\/periodicolarepublica.com\/wp-content\/uploads\/2025\/12\/Amigos-que-Suman-celebra-tradicional-encuentro-navideno-5-e1766633288924-300x258.jpeg 300w, https:\/\/periodicolarepublica.com\/wp-content\/uploads\/2025\/12\/Amigos-que-Suman-celebra-tradicional-encuentro-navideno-5-e1766633288924-150x129.jpeg 150w, https:\/\/periodicolarepublica.com\/wp-content\/uploads\/2025\/12\/Amigos-que-Suman-celebra-tradicional-encuentro-navideno-5-e1766633288924.jpeg 382w\" sizes=\"auto, (max-width: 300px) 100vw, 300px\" \/><\/p>\n","protected":false},"excerpt":{"rendered":"<p>La iniciativa Amigos que Suman, de GALA Media Group, celebr\u00f3 su encuentro navide\u00f1o 2025, en el que reconoci\u00f3 la destacada trayectoria de la comunicadora Milagros Germ\u00e1n, en una jornada de confraternidad que reuni\u00f3 a reconocidas personalidades del \u00e1mbito pol\u00edtico, empresarial, social y de la comunicaci\u00f3n. &nbsp; &nbsp; &nbsp; La actividad fue realizada con el prop\u00f3sito [&hellip;]<\/p>\n","protected":false},"author":6,"featured_media":4696,"comment_status":"open","ping_status":"open","sticky":false,"template":"","format":"standard","meta":{"om_disable_all_campaigns":false,"_monsterinsights_skip_tracking":false,"_monsterinsights_sitenote_active":false,"_monsterinsights_sitenote_note":"","_monsterinsights_sitenote_category":0,"footnotes":""},"categories":[1],"tags":[503],"class_list":{"0":"post-4695","1":"post","2":"type-post","3":"status-publish","4":"format-standard","5":"has-post-thumbnail","7":"category-nacionales","8":"tag-amigos-que-suman"},"aioseo_notices":[],"_links":{"self":[{"href":"https:\/\/periodicolarepublica.com\/index.php\/wp-json\/wp\/v2\/posts\/4695","targetHints":{"allow":["GET"]}}],"collection":[{"href":"https:\/\/periodicolarepublica.com\/index.php\/wp-json\/wp\/v2\/posts"}],"about":[{"href":"https:\/\/periodicolarepublica.com\/index.php\/wp-json\/wp\/v2\/types\/post"}],"author":[{"embeddable":true,"href":"https:\/\/periodicolarepublica.com\/index.php\/wp-json\/wp\/v2\/users\/6"}],"replies":[{"embeddable":true,"href":"https:\/\/periodicolarepublica.com\/index.php\/wp-json\/wp\/v2\/comments?post=4695"}],"version-history":[{"count":1,"href":"https:\/\/periodicolarepublica.com\/index.php\/wp-json\/wp\/v2\/posts\/4695\/revisions"}],"predecessor-version":[{"id":4697,"href":"https:\/\/periodicolarepublica.com\/index.php\/wp-json\/wp\/v2\/posts\/4695\/revisions\/4697"}],"wp:featuredmedia":[{"embeddable":true,"href":"https:\/\/periodicolarepublica.com\/index.php\/wp-json\/wp\/v2\/media\/4696"}],"wp:attachment":[{"href":"https:\/\/periodicolarepublica.com\/index.php\/wp-json\/wp\/v2\/media?parent=4695"}],"wp:term":[{"taxonomy":"category","embeddable":true,"href":"https:\/\/periodicolarepublica.com\/index.php\/wp-json\/wp\/v2\/categories?post=4695"},{"taxonomy":"post_tag","embeddable":true,"href":"https:\/\/periodicolarepublica.com\/index.php\/wp-json\/wp\/v2\/tags?post=4695"}],"curies":[{"name":"wp","href":"https:\/\/api.w.org\/{rel}","templated":true}]}}