{"id":4698,"date":"2025-12-26T12:39:09","date_gmt":"2025-12-26T16:39:09","guid":{"rendered":"https:\/\/periodicolarepublica.com\/?p=4698"},"modified":"2025-12-30T12:08:25","modified_gmt":"2025-12-30T16:08:25","slug":"panaca-rd-oficializa-su-apertura-y-celebra-la-navidad-con-acceso-libre-hasta-el-31-de-enero","status":"publish","type":"post","link":"https:\/\/periodicolarepublica.com\/index.php\/2025\/12\/26\/panaca-rd-oficializa-su-apertura-y-celebra-la-navidad-con-acceso-libre-hasta-el-31-de-enero\/","title":{"rendered":"PANACA RD oficializa su apertura y celebra la Navidad con acceso libre hasta el 31 de enero"},"content":{"rendered":"<p>El Parque Nacional de la Cultura Dominicana (PANACA RD) inform\u00f3 el inicio oficial de sus operaciones, coincidiendo con la temporada navide\u00f1a, con una agenda de actividades abiertas al p\u00fablico y condiciones especiales de acceso vigentes hasta el 31 de enero.<\/p>\n<p>Como parte de esta etapa inicial, el parque permitir\u00e1 el acceso gratuito a Plaza Herencia Dominicana. Asimismo, los ni\u00f1os, sin distinci\u00f3n de nacionalidad, podr\u00e1n asistir sin costo al espect\u00e1culo Traves\u00eda World Show durante el resto del mes de diciembre y hasta finales de enero. En el caso de los adultos, las tarifas anunciadas son desde US$35 para residentes locales y US$99 para visitantes extranjeros.<\/p>\n<p>Traves\u00eda World Show se presenta en la Arena Panaca y combina teatro, m\u00fasica y destrezas ecuestres. La producci\u00f3n cuenta con la participaci\u00f3n de 60 caballos de distintas razas y un elenco integrado por acr\u00f3batas, jinetes, actores y bailarines. Seg\u00fan inform\u00f3 Jorge Ballen, presidente de PANACA RD, la propuesta busca ofrecer una experiencia art\u00edstica dirigida a p\u00fablicos de diferentes edades.<\/p>\n<p>La programaci\u00f3n incluye adem\u00e1s Fiesta Dominicana, un espacio dedicado a la m\u00fasica y el baile, con la participaci\u00f3n de la Orquesta Rumbeando y repertorios que abarcan merengue, bachata, salsa y otros g\u00e9neros, como parte de una oferta cultural de car\u00e1cter familiar.<\/p>\n<p>Desde la administraci\u00f3n del parque se destac\u00f3 la acogida recibida por parte de las familias dominicanas desde su apertura, se\u00f1alando que el proyecto tiene como eje la cultura rural, la tradici\u00f3n ecuestre y elementos representativos de la identidad nacional.<\/p>\n<p>PANACA RD opera de jueves a domingo a partir de las 3:00 de la tarde. El restaurante del complejo abre desde las 12:00 del mediod\u00eda con entrada libre. El parque est\u00e1 ubicado en la Autopista del Coral, a 800 metros del peaje Coral II, en el municipio de Hig\u00fcey.<\/p>\n<p>Para m\u00e1s informaci\u00f3n, los interesados pueden comunicarse a trav\u00e9s del WhatsApp +1 (849) 507-1460 o el correo electr\u00f3nico info@panaca.do.<\/p>\n<p>Instagram: @panaca_rd<\/p>\n<p><img loading=\"lazy\" decoding=\"async\" class=\"alignnone size-medium wp-image-4699\" src=\"https:\/\/periodicolarepublica.com\/wp-content\/uploads\/2025\/12\/IMG-20251226-WA0022-300x253.jpg\" alt=\"\" width=\"300\" height=\"253\" srcset=\"https:\/\/periodicolarepublica.com\/wp-content\/uploads\/2025\/12\/IMG-20251226-WA0022-300x253.jpg 300w, https:\/\/periodicolarepublica.com\/wp-content\/uploads\/2025\/12\/IMG-20251226-WA0022-1024x864.jpg 1024w, https:\/\/periodicolarepublica.com\/wp-content\/uploads\/2025\/12\/IMG-20251226-WA0022-768x648.jpg 768w, https:\/\/periodicolarepublica.com\/wp-content\/uploads\/2025\/12\/IMG-20251226-WA0022-150x127.jpg 150w, https:\/\/periodicolarepublica.com\/wp-content\/uploads\/2025\/12\/IMG-20251226-WA0022-600x506.jpg 600w, https:\/\/periodicolarepublica.com\/wp-content\/uploads\/2025\/12\/IMG-20251226-WA0022-696x587.jpg 696w, https:\/\/periodicolarepublica.com\/wp-content\/uploads\/2025\/12\/IMG-20251226-WA0022-1068x901.jpg 1068w, https:\/\/periodicolarepublica.com\/wp-content\/uploads\/2025\/12\/IMG-20251226-WA0022.jpg 1280w\" sizes=\"auto, (max-width: 300px) 100vw, 300px\" \/><\/p>\n","protected":false},"excerpt":{"rendered":"<p>El Parque Nacional de la Cultura Dominicana (PANACA RD) inform\u00f3 el inicio oficial de sus operaciones, coincidiendo con la temporada navide\u00f1a, con una agenda de actividades abiertas al p\u00fablico y condiciones especiales de acceso vigentes hasta el 31 de enero. Como parte de esta etapa inicial, el parque permitir\u00e1 el acceso gratuito a Plaza Herencia [&hellip;]<\/p>\n","protected":false},"author":6,"featured_media":4699,"comment_status":"open","ping_status":"open","sticky":false,"template":"","format":"standard","meta":{"om_disable_all_campaigns":false,"_monsterinsights_skip_tracking":false,"_monsterinsights_sitenote_active":false,"_monsterinsights_sitenote_note":"","_monsterinsights_sitenote_category":0,"footnotes":""},"categories":[1,20],"tags":[504],"class_list":{"0":"post-4698","1":"post","2":"type-post","3":"status-publish","4":"format-standard","5":"has-post-thumbnail","7":"category-nacionales","8":"category-turismo","9":"tag-panaca"},"aioseo_notices":[],"_links":{"self":[{"href":"https:\/\/periodicolarepublica.com\/index.php\/wp-json\/wp\/v2\/posts\/4698","targetHints":{"allow":["GET"]}}],"collection":[{"href":"https:\/\/periodicolarepublica.com\/index.php\/wp-json\/wp\/v2\/posts"}],"about":[{"href":"https:\/\/periodicolarepublica.com\/index.php\/wp-json\/wp\/v2\/types\/post"}],"author":[{"embeddable":true,"href":"https:\/\/periodicolarepublica.com\/index.php\/wp-json\/wp\/v2\/users\/6"}],"replies":[{"embeddable":true,"href":"https:\/\/periodicolarepublica.com\/index.php\/wp-json\/wp\/v2\/comments?post=4698"}],"version-history":[{"count":2,"href":"https:\/\/periodicolarepublica.com\/index.php\/wp-json\/wp\/v2\/posts\/4698\/revisions"}],"predecessor-version":[{"id":4722,"href":"https:\/\/periodicolarepublica.com\/index.php\/wp-json\/wp\/v2\/posts\/4698\/revisions\/4722"}],"wp:featuredmedia":[{"embeddable":true,"href":"https:\/\/periodicolarepublica.com\/index.php\/wp-json\/wp\/v2\/media\/4699"}],"wp:attachment":[{"href":"https:\/\/periodicolarepublica.com\/index.php\/wp-json\/wp\/v2\/media?parent=4698"}],"wp:term":[{"taxonomy":"category","embeddable":true,"href":"https:\/\/periodicolarepublica.com\/index.php\/wp-json\/wp\/v2\/categories?post=4698"},{"taxonomy":"post_tag","embeddable":true,"href":"https:\/\/periodicolarepublica.com\/index.php\/wp-json\/wp\/v2\/tags?post=4698"}],"curies":[{"name":"wp","href":"https:\/\/api.w.org\/{rel}","templated":true}]}}