{"id":470,"date":"2024-03-13T15:24:35","date_gmt":"2024-03-13T14:24:35","guid":{"rendered":"https:\/\/periodicolarepublica.com\/?p=470"},"modified":"2024-03-13T15:29:25","modified_gmt":"2024-03-13T14:29:25","slug":"movimiento-contacto-24-con-luis-se-reunen-con-miras-a-las-elecciones-de-mayo","status":"publish","type":"post","link":"https:\/\/periodicolarepublica.com\/index.php\/2024\/03\/13\/movimiento-contacto-24-con-luis-se-reunen-con-miras-a-las-elecciones-de-mayo\/","title":{"rendered":"Movimiento Contacto 24 con Luis se re\u00fanen con miras a las elecciones de mayo"},"content":{"rendered":"<p>&nbsp;<\/p>\n<p>&nbsp;<\/p>\n<p><img loading=\"lazy\" decoding=\"async\" class=\"alignnone size-medium wp-image-475\" src=\"https:\/\/periodicolarepublica.com\/wp-content\/uploads\/2024\/03\/Picsart_24-03-13_10-26-18-517-300x150.jpg\" alt=\"\" width=\"300\" height=\"150\" srcset=\"https:\/\/periodicolarepublica.com\/wp-content\/uploads\/2024\/03\/Picsart_24-03-13_10-26-18-517-300x150.jpg?v=1715379809 300w, https:\/\/periodicolarepublica.com\/wp-content\/uploads\/2024\/03\/Picsart_24-03-13_10-26-18-517-1024x512.jpg?v=1715379809 1024w, https:\/\/periodicolarepublica.com\/wp-content\/uploads\/2024\/03\/Picsart_24-03-13_10-26-18-517-768x384.jpg?v=1715379809 768w, https:\/\/periodicolarepublica.com\/wp-content\/uploads\/2024\/03\/Picsart_24-03-13_10-26-18-517-1536x768.jpg?v=1715379809 1536w, https:\/\/periodicolarepublica.com\/wp-content\/uploads\/2024\/03\/Picsart_24-03-13_10-26-18-517-2048x1024.jpg?v=1715379809 2048w, https:\/\/periodicolarepublica.com\/wp-content\/uploads\/2024\/03\/Picsart_24-03-13_10-26-18-517-150x75.jpg?v=1715379809 150w, https:\/\/periodicolarepublica.com\/wp-content\/uploads\/2024\/03\/Picsart_24-03-13_10-26-18-517-600x300.jpg?v=1715379809 600w, https:\/\/periodicolarepublica.com\/wp-content\/uploads\/2024\/03\/Picsart_24-03-13_10-26-18-517-696x348.jpg?v=1715379809 696w, https:\/\/periodicolarepublica.com\/wp-content\/uploads\/2024\/03\/Picsart_24-03-13_10-26-18-517-1392x696.jpg?v=1715379809 1392w, https:\/\/periodicolarepublica.com\/wp-content\/uploads\/2024\/03\/Picsart_24-03-13_10-26-18-517-1068x534.jpg?v=1715379809 1068w, https:\/\/periodicolarepublica.com\/wp-content\/uploads\/2024\/03\/Picsart_24-03-13_10-26-18-517-1920x960.jpg?v=1715379809 1920w\" sizes=\"auto, (max-width: 300px) 100vw, 300px\" \/><\/p>\n<p>El movimiento pol\u00edtico Contacto 24 con Luis, realiz\u00f3 la 5ta reuni\u00f3n general de su directiva nacional con fin de rendir cuentas y poner en marcha su tit\u00e1nica labor de frente a las elecciones pr\u00f3ximas del 19 de mayo.<\/p>\n<p>Su director nacional el Dr. Jes\u00fas Feris Iglesias destac\u00f3 que, el enfoque no puede cambiar y que se debe seguir conquistando esos primeros votantes para que en los pr\u00f3ximos comicios se realice el mayor aporte posible desde el movimiento a la candidatura de nuestro presidente Luis Abinader, quien actualmente goza de un 60% a favor. de la poblaci\u00f3n pero con el arduo trabajo de este equipo lograremos aportar un significativa cuota de primeros votantes afiliados y captados por nosotros.<\/p>\n<p>En el acto el dirigente Andr\u00e9s Matos, coordinador del gran santo domingo agradeci\u00f3 el gran esfuerzo realizado en las pasadas elecciones de febrero donde somos testigos del hist\u00f3rico tsunami arrollador del triunfo del partido revolucionario moderno.<\/p>\n<p>En su mesa de trabajo el coordinador nacional Omar Feliciano. Pauto los trabajos y metas a lograr en los pr\u00f3ximos d\u00edas. Destacando que la coordinaci\u00f3n nacional esta muy fortalecida y que salir a las calles y conquistar esos nuevos integrantes es lo que mejor sabemos hacer. Anuncio que el pr\u00f3ximo mes de abril. Estaremos realizando actos multitudinarios en todo el territorio nacional y que juntos podamos decir unidos que volveremos a ganar!<\/p>\n","protected":false},"excerpt":{"rendered":"<p>&nbsp; &nbsp; El movimiento pol\u00edtico Contacto 24 con Luis, realiz\u00f3 la 5ta reuni\u00f3n general de su directiva nacional con fin de rendir cuentas y poner en marcha su tit\u00e1nica labor de frente a las elecciones pr\u00f3ximas del 19 de mayo. Su director nacional el Dr. Jes\u00fas Feris Iglesias destac\u00f3 que, el enfoque no puede cambiar [&hellip;]<\/p>\n","protected":false},"author":6,"featured_media":471,"comment_status":"open","ping_status":"open","sticky":false,"template":"","format":"standard","meta":{"om_disable_all_campaigns":false,"_monsterinsights_skip_tracking":false,"_monsterinsights_sitenote_active":false,"_monsterinsights_sitenote_note":"","_monsterinsights_sitenote_category":0,"footnotes":""},"categories":[127],"tags":[],"class_list":{"0":"post-470","1":"post","2":"type-post","3":"status-publish","4":"format-standard","5":"has-post-thumbnail","7":"category-politica"},"aioseo_notices":[],"_links":{"self":[{"href":"https:\/\/periodicolarepublica.com\/index.php\/wp-json\/wp\/v2\/posts\/470","targetHints":{"allow":["GET"]}}],"collection":[{"href":"https:\/\/periodicolarepublica.com\/index.php\/wp-json\/wp\/v2\/posts"}],"about":[{"href":"https:\/\/periodicolarepublica.com\/index.php\/wp-json\/wp\/v2\/types\/post"}],"author":[{"embeddable":true,"href":"https:\/\/periodicolarepublica.com\/index.php\/wp-json\/wp\/v2\/users\/6"}],"replies":[{"embeddable":true,"href":"https:\/\/periodicolarepublica.com\/index.php\/wp-json\/wp\/v2\/comments?post=470"}],"version-history":[{"count":2,"href":"https:\/\/periodicolarepublica.com\/index.php\/wp-json\/wp\/v2\/posts\/470\/revisions"}],"predecessor-version":[{"id":476,"href":"https:\/\/periodicolarepublica.com\/index.php\/wp-json\/wp\/v2\/posts\/470\/revisions\/476"}],"wp:featuredmedia":[{"embeddable":true,"href":"https:\/\/periodicolarepublica.com\/index.php\/wp-json\/wp\/v2\/media\/471"}],"wp:attachment":[{"href":"https:\/\/periodicolarepublica.com\/index.php\/wp-json\/wp\/v2\/media?parent=470"}],"wp:term":[{"taxonomy":"category","embeddable":true,"href":"https:\/\/periodicolarepublica.com\/index.php\/wp-json\/wp\/v2\/categories?post=470"},{"taxonomy":"post_tag","embeddable":true,"href":"https:\/\/periodicolarepublica.com\/index.php\/wp-json\/wp\/v2\/tags?post=470"}],"curies":[{"name":"wp","href":"https:\/\/api.w.org\/{rel}","templated":true}]}}