{"id":4704,"date":"2025-12-28T14:01:35","date_gmt":"2025-12-28T18:01:35","guid":{"rendered":"https:\/\/periodicolarepublica.com\/?p=4704"},"modified":"2025-12-28T14:01:35","modified_gmt":"2025-12-28T18:01:35","slug":"voluntariado-banreservas-celebra-la-navidad-con-jornada-de-entrega-de-juguetes-en-la-zona-norte","status":"publish","type":"post","link":"https:\/\/periodicolarepublica.com\/index.php\/2025\/12\/28\/voluntariado-banreservas-celebra-la-navidad-con-jornada-de-entrega-de-juguetes-en-la-zona-norte\/","title":{"rendered":"Voluntariado Banreservas celebra la Navidad con jornada de entrega de juguetes en la zona norte"},"content":{"rendered":"<p>El Voluntariado celebr\u00f3 la Navidad junto a cientos de ni\u00f1os, hijos de colaboradores del Banco de Reservas en la zona norte del pa\u00eds, durante una jornada de entrega de juguetes realizada en el Club Banreservas de Santiago.<\/p>\n<p>La actividad fue encabezada por la presidenta del Voluntariado Banreservas, la doctora Carmen Alicia Quijano de Aguilera, y reuni\u00f3 a familias de colaboradores en un encuentro que reafirm\u00f3 el compromiso de la instituci\u00f3n con el bienestar, la cercan\u00eda y los valores que fortalecen a la familia.<\/p>\n<p>En esta edici\u00f3n, el Voluntariado marc\u00f3 un hito al entregar alrededor de 1,700 juguetes, una cifra hist\u00f3rica que permiti\u00f3 llevar alegr\u00eda y momentos de esparcimiento a los ni\u00f1os participantes, como parte de las acciones sociales que desarrolla la entidad durante la temporada navide\u00f1a.<\/p>\n<p>&nbsp;<\/p>\n<p>Durante sus palabras, la doctora Carmen Alicia Quijano de Aguilera destac\u00f3 el significado de la actividad y el valor de compartir en familia en estas fechas.<\/p>\n<p>\u201cReunirnos hoy es celebrar lo esencial: el nacimiento del Ni\u00f1o Jes\u00fas, que marca el inicio de la Navidad y nos convoca a compartir, servir y llenar de sonrisas a quienes m\u00e1s lo necesitan\u201d, expres\u00f3.<\/p>\n<p>La jornada sirvi\u00f3 adem\u00e1s como un espacio para fortalecer la integraci\u00f3n familiar y celebrar la Navidad en un ambiente de unidad y fraternidad.<\/p>\n<p><img loading=\"lazy\" decoding=\"async\" class=\"alignnone size-medium wp-image-4705\" src=\"https:\/\/periodicolarepublica.com\/wp-content\/uploads\/2025\/12\/IMG-20251228-WA0021-e1766944863291-298x300.jpg\" alt=\"\" width=\"298\" height=\"300\" srcset=\"https:\/\/periodicolarepublica.com\/wp-content\/uploads\/2025\/12\/IMG-20251228-WA0021-e1766944863291-298x300.jpg 298w, https:\/\/periodicolarepublica.com\/wp-content\/uploads\/2025\/12\/IMG-20251228-WA0021-e1766944863291-150x151.jpg 150w, https:\/\/periodicolarepublica.com\/wp-content\/uploads\/2025\/12\/IMG-20251228-WA0021-e1766944863291-768x774.jpg 768w, https:\/\/periodicolarepublica.com\/wp-content\/uploads\/2025\/12\/IMG-20251228-WA0021-e1766944863291-300x302.jpg 300w, https:\/\/periodicolarepublica.com\/wp-content\/uploads\/2025\/12\/IMG-20251228-WA0021-e1766944863291-600x605.jpg 600w, https:\/\/periodicolarepublica.com\/wp-content\/uploads\/2025\/12\/IMG-20251228-WA0021-e1766944863291-696x702.jpg 696w, https:\/\/periodicolarepublica.com\/wp-content\/uploads\/2025\/12\/IMG-20251228-WA0021-e1766944863291.jpg 966w\" sizes=\"auto, (max-width: 298px) 100vw, 298px\" \/><\/p>\n","protected":false},"excerpt":{"rendered":"<p>El Voluntariado celebr\u00f3 la Navidad junto a cientos de ni\u00f1os, hijos de colaboradores del Banco de Reservas en la zona norte del pa\u00eds, durante una jornada de entrega de juguetes realizada en el Club Banreservas de Santiago. La actividad fue encabezada por la presidenta del Voluntariado Banreservas, la doctora Carmen Alicia Quijano de Aguilera, y [&hellip;]<\/p>\n","protected":false},"author":6,"featured_media":4705,"comment_status":"open","ping_status":"open","sticky":false,"template":"","format":"standard","meta":{"om_disable_all_campaigns":false,"_monsterinsights_skip_tracking":false,"_monsterinsights_sitenote_active":false,"_monsterinsights_sitenote_note":"","_monsterinsights_sitenote_category":0,"footnotes":""},"categories":[1],"tags":[],"class_list":{"0":"post-4704","1":"post","2":"type-post","3":"status-publish","4":"format-standard","5":"has-post-thumbnail","7":"category-nacionales"},"aioseo_notices":[],"_links":{"self":[{"href":"https:\/\/periodicolarepublica.com\/index.php\/wp-json\/wp\/v2\/posts\/4704","targetHints":{"allow":["GET"]}}],"collection":[{"href":"https:\/\/periodicolarepublica.com\/index.php\/wp-json\/wp\/v2\/posts"}],"about":[{"href":"https:\/\/periodicolarepublica.com\/index.php\/wp-json\/wp\/v2\/types\/post"}],"author":[{"embeddable":true,"href":"https:\/\/periodicolarepublica.com\/index.php\/wp-json\/wp\/v2\/users\/6"}],"replies":[{"embeddable":true,"href":"https:\/\/periodicolarepublica.com\/index.php\/wp-json\/wp\/v2\/comments?post=4704"}],"version-history":[{"count":1,"href":"https:\/\/periodicolarepublica.com\/index.php\/wp-json\/wp\/v2\/posts\/4704\/revisions"}],"predecessor-version":[{"id":4706,"href":"https:\/\/periodicolarepublica.com\/index.php\/wp-json\/wp\/v2\/posts\/4704\/revisions\/4706"}],"wp:featuredmedia":[{"embeddable":true,"href":"https:\/\/periodicolarepublica.com\/index.php\/wp-json\/wp\/v2\/media\/4705"}],"wp:attachment":[{"href":"https:\/\/periodicolarepublica.com\/index.php\/wp-json\/wp\/v2\/media?parent=4704"}],"wp:term":[{"taxonomy":"category","embeddable":true,"href":"https:\/\/periodicolarepublica.com\/index.php\/wp-json\/wp\/v2\/categories?post=4704"},{"taxonomy":"post_tag","embeddable":true,"href":"https:\/\/periodicolarepublica.com\/index.php\/wp-json\/wp\/v2\/tags?post=4704"}],"curies":[{"name":"wp","href":"https:\/\/api.w.org\/{rel}","templated":true}]}}