{"id":4708,"date":"2025-12-29T11:05:54","date_gmt":"2025-12-29T15:05:54","guid":{"rendered":"https:\/\/periodicolarepublica.com\/?p=4708"},"modified":"2025-12-29T11:05:54","modified_gmt":"2025-12-29T15:05:54","slug":"deamvi-impulsa-acciones-de-sensibilizacion-para-prevenir-la-violencia-durante-las-festividades-navidenas","status":"publish","type":"post","link":"https:\/\/periodicolarepublica.com\/index.php\/2025\/12\/29\/deamvi-impulsa-acciones-de-sensibilizacion-para-prevenir-la-violencia-durante-las-festividades-navidenas\/","title":{"rendered":"DEAMVI impulsa acciones de sensibilizaci\u00f3n para prevenir la violencia durante las festividades navide\u00f1as"},"content":{"rendered":"<p>Santo Domingo.- En atenci\u00f3n a las directrices del mayor general Ram\u00f3n Antonio Guzm\u00e1n Peralta, director general de la Polic\u00eda Nacional, y en el marco de las festividades navide\u00f1as, la Direcci\u00f3n Especializada de Atenci\u00f3n a la Mujer y Violencia Intrafamiliar (DEAMVI) ha puesto en marcha una serie de acciones de sensibilizaci\u00f3n, orientaci\u00f3n y concientizaci\u00f3n ciudadana, con el objetivo de prevenir la violencia hacia la mujer y los conflictos intrafamiliares.<\/p>\n<p>&nbsp;<\/p>\n<p>Las jornadas, encabezadas por la titular de la DEAMVI, la general arquitecta Celeste Yanet Jim\u00e9nez, buscan hacer conciencia en las familias dominicanas (hombres, mujeres, padres, madres y cuidadores) sobre la importancia de evitar el abuso infantil, la violencia contra la mujer y las situaciones de conflicto en el hogar, promoviendo as\u00ed unas navidades en armon\u00eda, paz, confraternidad y convivencia saludable.<\/p>\n<p>&nbsp;<\/p>\n<p>Como parte de esta iniciativa, personal especializado de la DEAMVI ha realizado un despliegue preventivo en distintos centros comerciales, llevando mensajes de orientaci\u00f3n y reflexi\u00f3n directamente a la ciudadan\u00eda. La acci\u00f3n ha sido bien recibida por la poblaci\u00f3n, que ha valorado positivamente este tipo de acercamiento policial, en consonancia con el proceso de transformaci\u00f3n y humanizaci\u00f3n del servicio policial.<\/p>\n<p>&nbsp;<\/p>\n<p>Durante los intercambios con la comunidad, ciudadanos y ciudadanas manifestaron su acuerdo con la forma en que los agentes est\u00e1n desarrollando estas labores, resaltando la importancia de llevar mensajes de respeto, confraternidad y prevenci\u00f3n en un per\u00edodo del a\u00f1o donde se incrementa la convivencia familiar y social.<\/p>\n<p>&nbsp;<\/p>\n<p>Estas acciones forman parte del compromiso de la Polic\u00eda Nacional, en su misi\u00f3n de proteger y servir, de fortalecer el v\u00ednculo con la comunidad y promover unas festividades navide\u00f1as caracterizadas por el gozo, el disfrute responsable, la paz y la convivencia pac\u00edfica en toda la Rep\u00fablica Dominicana.<img loading=\"lazy\" decoding=\"async\" class=\"alignnone size-medium wp-image-4709\" src=\"https:\/\/periodicolarepublica.com\/wp-content\/uploads\/2025\/12\/IMG-20251229-WA0174-300x169.jpg\" alt=\"\" width=\"300\" height=\"169\" srcset=\"https:\/\/periodicolarepublica.com\/wp-content\/uploads\/2025\/12\/IMG-20251229-WA0174-300x169.jpg?v=1767020745 300w, https:\/\/periodicolarepublica.com\/wp-content\/uploads\/2025\/12\/IMG-20251229-WA0174-1024x576.jpg?v=1767020745 1024w, https:\/\/periodicolarepublica.com\/wp-content\/uploads\/2025\/12\/IMG-20251229-WA0174-768x432.jpg?v=1767020745 768w, https:\/\/periodicolarepublica.com\/wp-content\/uploads\/2025\/12\/IMG-20251229-WA0174-150x84.jpg?v=1767020745 150w, https:\/\/periodicolarepublica.com\/wp-content\/uploads\/2025\/12\/IMG-20251229-WA0174-600x338.jpg?v=1767020745 600w, https:\/\/periodicolarepublica.com\/wp-content\/uploads\/2025\/12\/IMG-20251229-WA0174-696x392.jpg?v=1767020745 696w, https:\/\/periodicolarepublica.com\/wp-content\/uploads\/2025\/12\/IMG-20251229-WA0174-1068x601.jpg?v=1767020745 1068w, https:\/\/periodicolarepublica.com\/wp-content\/uploads\/2025\/12\/IMG-20251229-WA0174.jpg?v=1767020745 1320w\" sizes=\"auto, (max-width: 300px) 100vw, 300px\" \/><\/p>\n","protected":false},"excerpt":{"rendered":"<p>Santo Domingo.- En atenci\u00f3n a las directrices del mayor general Ram\u00f3n Antonio Guzm\u00e1n Peralta, director general de la Polic\u00eda Nacional, y en el marco de las festividades navide\u00f1as, la Direcci\u00f3n Especializada de Atenci\u00f3n a la Mujer y Violencia Intrafamiliar (DEAMVI) ha puesto en marcha una serie de acciones de sensibilizaci\u00f3n, orientaci\u00f3n y concientizaci\u00f3n ciudadana, con [&hellip;]<\/p>\n","protected":false},"author":10,"featured_media":4709,"comment_status":"open","ping_status":"open","sticky":false,"template":"","format":"standard","meta":{"om_disable_all_campaigns":false,"_monsterinsights_skip_tracking":false,"_monsterinsights_sitenote_active":false,"_monsterinsights_sitenote_note":"","_monsterinsights_sitenote_category":0,"footnotes":""},"categories":[1],"tags":[],"class_list":{"0":"post-4708","1":"post","2":"type-post","3":"status-publish","4":"format-standard","5":"has-post-thumbnail","7":"category-nacionales"},"aioseo_notices":[],"_links":{"self":[{"href":"https:\/\/periodicolarepublica.com\/index.php\/wp-json\/wp\/v2\/posts\/4708","targetHints":{"allow":["GET"]}}],"collection":[{"href":"https:\/\/periodicolarepublica.com\/index.php\/wp-json\/wp\/v2\/posts"}],"about":[{"href":"https:\/\/periodicolarepublica.com\/index.php\/wp-json\/wp\/v2\/types\/post"}],"author":[{"embeddable":true,"href":"https:\/\/periodicolarepublica.com\/index.php\/wp-json\/wp\/v2\/users\/10"}],"replies":[{"embeddable":true,"href":"https:\/\/periodicolarepublica.com\/index.php\/wp-json\/wp\/v2\/comments?post=4708"}],"version-history":[{"count":1,"href":"https:\/\/periodicolarepublica.com\/index.php\/wp-json\/wp\/v2\/posts\/4708\/revisions"}],"predecessor-version":[{"id":4710,"href":"https:\/\/periodicolarepublica.com\/index.php\/wp-json\/wp\/v2\/posts\/4708\/revisions\/4710"}],"wp:featuredmedia":[{"embeddable":true,"href":"https:\/\/periodicolarepublica.com\/index.php\/wp-json\/wp\/v2\/media\/4709"}],"wp:attachment":[{"href":"https:\/\/periodicolarepublica.com\/index.php\/wp-json\/wp\/v2\/media?parent=4708"}],"wp:term":[{"taxonomy":"category","embeddable":true,"href":"https:\/\/periodicolarepublica.com\/index.php\/wp-json\/wp\/v2\/categories?post=4708"},{"taxonomy":"post_tag","embeddable":true,"href":"https:\/\/periodicolarepublica.com\/index.php\/wp-json\/wp\/v2\/tags?post=4708"}],"curies":[{"name":"wp","href":"https:\/\/api.w.org\/{rel}","templated":true}]}}