{"id":4711,"date":"2025-12-29T16:58:47","date_gmt":"2025-12-29T20:58:47","guid":{"rendered":"https:\/\/periodicolarepublica.com\/?p=4711"},"modified":"2025-12-29T16:58:47","modified_gmt":"2025-12-29T20:58:47","slug":"ley-491-06-en-aniversario-bajo-un-gran-liderazgo-institucional-por-la-aviacion-dominicana","status":"publish","type":"post","link":"https:\/\/periodicolarepublica.com\/index.php\/2025\/12\/29\/ley-491-06-en-aniversario-bajo-un-gran-liderazgo-institucional-por-la-aviacion-dominicana\/","title":{"rendered":"Ley 491-06 en aniversario bajo un gran liderazgo institucional por la aviaci\u00f3n Dominicana\u00a0"},"content":{"rendered":"<p>A casi dos d\u00e9cadas de la promulgaci\u00f3n de la Ley de Aviaci\u00f3n Civil No. 491-06, la Rep\u00fablica Dominicana celebra no solo un marco jur\u00eddico moderniza y fortalece el sector aeron\u00e1utico, sino tambi\u00e9n una etapa de consolidaci\u00f3n institucional y crecimiento sostenido, en la gesti\u00f3n del presidente Luis Abinader, la aviaci\u00f3n civil se ha convertido en un pilar estrat\u00e9gico para el desarrollo econ\u00f3mico, la conectividad internacional y la competitividad del pa\u00eds, apoyada en un liderazgo t\u00e9cnico y una visi\u00f3n de Estado.<\/p>\n<p>Al frente del Instituto Dominicano de Aviaci\u00f3n Civil (IDAC), Igor Rodr\u00edguez ha impulsado una gesti\u00f3n enfocada en la excelencia t\u00e9cnica, la seguridad a\u00e9rea y la modernizaci\u00f3n de los servicios. Bajo su liderazgo, el IDAC ha reforzado la supervisi\u00f3n, la capacitaci\u00f3n del personal aeron\u00e1utico y la adopci\u00f3n de mejores pr\u00e1cticas alineadas con la Organizaci\u00f3n de Aviaci\u00f3n Civil Internacional (OACI).<\/p>\n<p>En la Junta de Aviaci\u00f3n Civil (JAC) H\u00e9ctor Porcella ha desempe\u00f1ado un rol clave en la formulaci\u00f3n de pol\u00edticas que promueven la conectividad a\u00e9rea y la apertura de nuevos mercados. La negociaci\u00f3n de acuerdos de servicios a\u00e9reos y la promoci\u00f3n de un entorno competitivo han permitido ampliar rutas, atraer nuevas aerol\u00edneas.<\/p>\n<p>El desarrollo de la aviaci\u00f3n no ser\u00eda posible sin una infraestructura moderna y eficiente. En ese sentido, V\u00edctor Pichardo, desde Departamento Aeroportuario, ha liderado iniciativas orientadas a la expansi\u00f3n, modernizaci\u00f3n y mejora de los aeropuertos del pa\u00eds, el cu\u00e1l ha sido fundamental para sostener el aumento del tr\u00e1fico a\u00e9reo y garantizar una experiencia de calidad para pasajeros y operadores.<\/p>\n<p>M\u00e1ximo Mi\u00f1oso<\/p>\n<p>Director Medio La Rep\u00fablica<\/p>\n<p>www.periodicolarepublica.com<\/p>\n<p><img loading=\"lazy\" decoding=\"async\" class=\"alignnone size-medium wp-image-4712\" src=\"https:\/\/periodicolarepublica.com\/wp-content\/uploads\/2025\/12\/Screenshot_20251229_165619_Instagram-e1767041899924-300x223.jpg\" alt=\"\" width=\"300\" height=\"223\" srcset=\"https:\/\/periodicolarepublica.com\/wp-content\/uploads\/2025\/12\/Screenshot_20251229_165619_Instagram-e1767041899924-300x223.jpg 300w, https:\/\/periodicolarepublica.com\/wp-content\/uploads\/2025\/12\/Screenshot_20251229_165619_Instagram-e1767041899924-768x570.jpg 768w, https:\/\/periodicolarepublica.com\/wp-content\/uploads\/2025\/12\/Screenshot_20251229_165619_Instagram-e1767041899924-150x111.jpg 150w, https:\/\/periodicolarepublica.com\/wp-content\/uploads\/2025\/12\/Screenshot_20251229_165619_Instagram-e1767041899924-600x445.jpg 600w, https:\/\/periodicolarepublica.com\/wp-content\/uploads\/2025\/12\/Screenshot_20251229_165619_Instagram-e1767041899924-485x360.jpg 485w, https:\/\/periodicolarepublica.com\/wp-content\/uploads\/2025\/12\/Screenshot_20251229_165619_Instagram-e1767041899924-696x517.jpg 696w, https:\/\/periodicolarepublica.com\/wp-content\/uploads\/2025\/12\/Screenshot_20251229_165619_Instagram-e1767041899924-265x198.jpg 265w, https:\/\/periodicolarepublica.com\/wp-content\/uploads\/2025\/12\/Screenshot_20251229_165619_Instagram-e1767041899924-530x396.jpg 530w, https:\/\/periodicolarepublica.com\/wp-content\/uploads\/2025\/12\/Screenshot_20251229_165619_Instagram-e1767041899924.jpg 788w\" sizes=\"auto, (max-width: 300px) 100vw, 300px\" \/>3<\/p>\n","protected":false},"excerpt":{"rendered":"<p>A casi dos d\u00e9cadas de la promulgaci\u00f3n de la Ley de Aviaci\u00f3n Civil No. 491-06, la Rep\u00fablica Dominicana celebra no solo un marco jur\u00eddico moderniza y fortalece el sector aeron\u00e1utico, sino tambi\u00e9n una etapa de consolidaci\u00f3n institucional y crecimiento sostenido, en la gesti\u00f3n del presidente Luis Abinader, la aviaci\u00f3n civil se ha convertido en un [&hellip;]<\/p>\n","protected":false},"author":1,"featured_media":4712,"comment_status":"open","ping_status":"open","sticky":false,"template":"","format":"standard","meta":{"om_disable_all_campaigns":false,"_monsterinsights_skip_tracking":false,"_monsterinsights_sitenote_active":false,"_monsterinsights_sitenote_note":"","_monsterinsights_sitenote_category":0,"footnotes":""},"categories":[1],"tags":[],"class_list":{"0":"post-4711","1":"post","2":"type-post","3":"status-publish","4":"format-standard","5":"has-post-thumbnail","7":"category-nacionales"},"aioseo_notices":[],"_links":{"self":[{"href":"https:\/\/periodicolarepublica.com\/index.php\/wp-json\/wp\/v2\/posts\/4711","targetHints":{"allow":["GET"]}}],"collection":[{"href":"https:\/\/periodicolarepublica.com\/index.php\/wp-json\/wp\/v2\/posts"}],"about":[{"href":"https:\/\/periodicolarepublica.com\/index.php\/wp-json\/wp\/v2\/types\/post"}],"author":[{"embeddable":true,"href":"https:\/\/periodicolarepublica.com\/index.php\/wp-json\/wp\/v2\/users\/1"}],"replies":[{"embeddable":true,"href":"https:\/\/periodicolarepublica.com\/index.php\/wp-json\/wp\/v2\/comments?post=4711"}],"version-history":[{"count":1,"href":"https:\/\/periodicolarepublica.com\/index.php\/wp-json\/wp\/v2\/posts\/4711\/revisions"}],"predecessor-version":[{"id":4713,"href":"https:\/\/periodicolarepublica.com\/index.php\/wp-json\/wp\/v2\/posts\/4711\/revisions\/4713"}],"wp:featuredmedia":[{"embeddable":true,"href":"https:\/\/periodicolarepublica.com\/index.php\/wp-json\/wp\/v2\/media\/4712"}],"wp:attachment":[{"href":"https:\/\/periodicolarepublica.com\/index.php\/wp-json\/wp\/v2\/media?parent=4711"}],"wp:term":[{"taxonomy":"category","embeddable":true,"href":"https:\/\/periodicolarepublica.com\/index.php\/wp-json\/wp\/v2\/categories?post=4711"},{"taxonomy":"post_tag","embeddable":true,"href":"https:\/\/periodicolarepublica.com\/index.php\/wp-json\/wp\/v2\/tags?post=4711"}],"curies":[{"name":"wp","href":"https:\/\/api.w.org\/{rel}","templated":true}]}}