{"id":4719,"date":"2025-12-29T22:30:09","date_gmt":"2025-12-30T02:30:09","guid":{"rendered":"https:\/\/periodicolarepublica.com\/?p=4719"},"modified":"2025-12-29T22:30:09","modified_gmt":"2025-12-30T02:30:09","slug":"magica-navidad-alcanza-su-vigesima-cuarta-entrega-y-reune-a-mas-de-700-ninos-en-una-participacion-historica","status":"publish","type":"post","link":"https:\/\/periodicolarepublica.com\/index.php\/2025\/12\/29\/magica-navidad-alcanza-su-vigesima-cuarta-entrega-y-reune-a-mas-de-700-ninos-en-una-participacion-historica\/","title":{"rendered":"\u201cM\u00e1gica Navidad\u201d alcanza su vig\u00e9sima cuarta entrega y re\u00fane a m\u00e1s de 700 ni\u00f1os en una participaci\u00f3n hist\u00f3rica"},"content":{"rendered":"<p>Con una participaci\u00f3n hist\u00f3rica de m\u00e1s de 700 ni\u00f1os, el Lopesan Costa B\u00e1varo Resort, Spa &amp; Casino celebr\u00f3 la llegada de la vig\u00e9sima cuarta edici\u00f3n de su emblem\u00e1tico espect\u00e1culo infantil \u201cM\u00e1gica Navidad\u201d, una tradici\u00f3n que refleja el compromiso del hotel con el fortalecimiento de los lazos entre la hospitalidad, las familias y las comunidades que forman parte del destino B\u00e1varo\u2013Punta Cana.<\/p>\n<p>Como ya es tradici\u00f3n, la magia y la fantas\u00eda se apoderaron del Boulevard del resort, transform\u00e1ndolo en un espacio de alegr\u00eda, con una colorida feria de helados, golosinas y refrigerios que sirvi\u00f3 de antesala al esperado espect\u00e1culo \u201cM\u00e1gica Navidad\u201d<\/p>\n<p>Este a\u00f1o, la celebraci\u00f3n reuni\u00f3 a cerca de 700 ni\u00f1os, entre hu\u00e9spedes e invitados de las comunidades del destino B\u00e1varo\u2013Punta Cana, reafirmando el compromiso del resort en crear experiencias memorables que unen a la familia y la esencia de la hospitalidad.<\/p>\n<p>No falto el apoyo de los socios aliados que son las fundaciones \u201cMi Milagro Isanely\u201d, fundaci\u00f3n \u201cMar\u00eda Veron\u201d, y la educadora conocida como Mar\u00eda Villa Playwood quienes se encargaron de coordinar la llegada de los estudiantes.<\/p>\n<p><img loading=\"lazy\" decoding=\"async\" class=\"alignnone size-medium wp-image-4720\" src=\"https:\/\/periodicolarepublica.com\/wp-content\/uploads\/2025\/12\/Magica-Navidad-3-e1767061786607-300x222.jpeg\" alt=\"\" width=\"300\" height=\"222\" srcset=\"https:\/\/periodicolarepublica.com\/wp-content\/uploads\/2025\/12\/Magica-Navidad-3-e1767061786607-300x222.jpeg 300w, https:\/\/periodicolarepublica.com\/wp-content\/uploads\/2025\/12\/Magica-Navidad-3-e1767061786607-150x111.jpeg 150w, https:\/\/periodicolarepublica.com\/wp-content\/uploads\/2025\/12\/Magica-Navidad-3-e1767061786607-485x360.jpeg 485w, https:\/\/periodicolarepublica.com\/wp-content\/uploads\/2025\/12\/Magica-Navidad-3-e1767061786607.jpeg 555w\" sizes=\"auto, (max-width: 300px) 100vw, 300px\" \/><\/p>\n","protected":false},"excerpt":{"rendered":"<p>Con una participaci\u00f3n hist\u00f3rica de m\u00e1s de 700 ni\u00f1os, el Lopesan Costa B\u00e1varo Resort, Spa &amp; Casino celebr\u00f3 la llegada de la vig\u00e9sima cuarta edici\u00f3n de su emblem\u00e1tico espect\u00e1culo infantil \u201cM\u00e1gica Navidad\u201d, una tradici\u00f3n que refleja el compromiso del hotel con el fortalecimiento de los lazos entre la hospitalidad, las familias y las comunidades que [&hellip;]<\/p>\n","protected":false},"author":6,"featured_media":4720,"comment_status":"open","ping_status":"open","sticky":false,"template":"","format":"standard","meta":{"om_disable_all_campaigns":false,"_monsterinsights_skip_tracking":false,"_monsterinsights_sitenote_active":false,"_monsterinsights_sitenote_note":"","_monsterinsights_sitenote_category":0,"footnotes":""},"categories":[1],"tags":[],"class_list":{"0":"post-4719","1":"post","2":"type-post","3":"status-publish","4":"format-standard","5":"has-post-thumbnail","7":"category-nacionales"},"aioseo_notices":[],"_links":{"self":[{"href":"https:\/\/periodicolarepublica.com\/index.php\/wp-json\/wp\/v2\/posts\/4719","targetHints":{"allow":["GET"]}}],"collection":[{"href":"https:\/\/periodicolarepublica.com\/index.php\/wp-json\/wp\/v2\/posts"}],"about":[{"href":"https:\/\/periodicolarepublica.com\/index.php\/wp-json\/wp\/v2\/types\/post"}],"author":[{"embeddable":true,"href":"https:\/\/periodicolarepublica.com\/index.php\/wp-json\/wp\/v2\/users\/6"}],"replies":[{"embeddable":true,"href":"https:\/\/periodicolarepublica.com\/index.php\/wp-json\/wp\/v2\/comments?post=4719"}],"version-history":[{"count":1,"href":"https:\/\/periodicolarepublica.com\/index.php\/wp-json\/wp\/v2\/posts\/4719\/revisions"}],"predecessor-version":[{"id":4721,"href":"https:\/\/periodicolarepublica.com\/index.php\/wp-json\/wp\/v2\/posts\/4719\/revisions\/4721"}],"wp:featuredmedia":[{"embeddable":true,"href":"https:\/\/periodicolarepublica.com\/index.php\/wp-json\/wp\/v2\/media\/4720"}],"wp:attachment":[{"href":"https:\/\/periodicolarepublica.com\/index.php\/wp-json\/wp\/v2\/media?parent=4719"}],"wp:term":[{"taxonomy":"category","embeddable":true,"href":"https:\/\/periodicolarepublica.com\/index.php\/wp-json\/wp\/v2\/categories?post=4719"},{"taxonomy":"post_tag","embeddable":true,"href":"https:\/\/periodicolarepublica.com\/index.php\/wp-json\/wp\/v2\/tags?post=4719"}],"curies":[{"name":"wp","href":"https:\/\/api.w.org\/{rel}","templated":true}]}}