{"id":4723,"date":"2025-12-30T12:36:10","date_gmt":"2025-12-30T16:36:10","guid":{"rendered":"https:\/\/periodicolarepublica.com\/?p=4723"},"modified":"2025-12-30T12:36:10","modified_gmt":"2025-12-30T16:36:10","slug":"tomas-hernandez-alberto-resalta-liderazgo-resultados-y-vision-de-futuro-del-presidente-luis-abinader","status":"publish","type":"post","link":"https:\/\/periodicolarepublica.com\/index.php\/2025\/12\/30\/tomas-hernandez-alberto-resalta-liderazgo-resultados-y-vision-de-futuro-del-presidente-luis-abinader\/","title":{"rendered":"Tom\u00e1s Hern\u00e1ndez Alberto resalta liderazgo, resultados y visi\u00f3n de futuro del presidente Luis Abinader"},"content":{"rendered":"<p>Santo Domingo, -El ingeniero Tom\u00e1s Hern\u00e1ndez Alberto, presidente del movimiento Poder P\u2019AL Pueblo, afirm\u00f3 que el a\u00f1o que est\u00e1 por concluir consolida de manera contundente el liderazgo, la capacidad de gesti\u00f3n y la visi\u00f3n transformadora del presidente Luis Abinader, marcando un antes y un despu\u00e9s en la historia reciente de la Rep\u00fablica Dominicana.<\/p>\n<p>&nbsp;<\/p>\n<p>Hern\u00e1ndez Alberto sostuvo que, a pesar de la desaceleraci\u00f3n econ\u00f3mica internacional, el gobierno del presidente Abinader termina el a\u00f1o con resultados hist\u00f3ricos, reflejados en la inauguraci\u00f3n de obras en todas las provincias del pa\u00eds, fortaleciendo sectores clave como infraestructura, salud, educaci\u00f3n, agua potable, vivienda y desarrollo productivo.<\/p>\n<p>&nbsp;<\/p>\n<p>\u201cLuis Abinader ha demostrado que se puede gobernar con honestidad, transparencia y resultados reales. Este ha sido un gobierno que no se ha detenido ante las dificultades, sino que ha respondido con trabajo, planificaci\u00f3n y compromiso con el pueblo\u201d, expres\u00f3.<\/p>\n<p>&nbsp;<\/p>\n<p>Destac\u00f3 que la actual gesti\u00f3n ha profundizado el cambio prometido, priorizando a la gente, combatiendo la corrupci\u00f3n, fortaleciendo las instituciones y devolviendo la confianza del pueblo en el Estado.<\/p>\n<p>&nbsp;<\/p>\n<p>Asimismo, se\u00f1al\u00f3 que el a\u00f1o 2026 se proyecta como un per\u00edodo de mayor impulso al desarrollo nacional, con nuevas inversiones, m\u00e1s obras y oportunidades que llegar\u00e1n a todos los rincones del pa\u00eds, reafirmando que el presidente Luis Abinader gobierna con visi\u00f3n de futuro y sentido de naci\u00f3n.<\/p>\n<p>&nbsp;<\/p>\n<p>Finalmente, Tom\u00e1s Hern\u00e1ndez Alberto felicit\u00f3 al pueblo dominicano por la llegada del A\u00f1o Nuevo, exhortando a mantener la esperanza, la unidad y la confianza en un gobierno que ha demostrado con hechos que est\u00e1 del lado de la gente.<img loading=\"lazy\" decoding=\"async\" class=\"size-medium wp-image-3423 alignright\" src=\"https:\/\/periodicolarepublica.com\/wp-content\/uploads\/2025\/06\/IMG_20250617_095834-300x283.jpg\" alt=\"\" width=\"300\" height=\"283\" srcset=\"https:\/\/periodicolarepublica.com\/wp-content\/uploads\/2025\/06\/IMG_20250617_095834-300x283.jpg?v=1750169471 300w, https:\/\/periodicolarepublica.com\/wp-content\/uploads\/2025\/06\/IMG_20250617_095834-1024x965.jpg?v=1750169471 1024w, https:\/\/periodicolarepublica.com\/wp-content\/uploads\/2025\/06\/IMG_20250617_095834-768x724.jpg?v=1750169471 768w, https:\/\/periodicolarepublica.com\/wp-content\/uploads\/2025\/06\/IMG_20250617_095834-1536x1447.jpg?v=1750169471 1536w, https:\/\/periodicolarepublica.com\/wp-content\/uploads\/2025\/06\/IMG_20250617_095834-2048x1930.jpg?v=1750169471 2048w, https:\/\/periodicolarepublica.com\/wp-content\/uploads\/2025\/06\/IMG_20250617_095834-150x141.jpg?v=1750169471 150w, https:\/\/periodicolarepublica.com\/wp-content\/uploads\/2025\/06\/IMG_20250617_095834-600x565.jpg?v=1750169471 600w, https:\/\/periodicolarepublica.com\/wp-content\/uploads\/2025\/06\/IMG_20250617_095834-696x656.jpg?v=1750169471 696w, https:\/\/periodicolarepublica.com\/wp-content\/uploads\/2025\/06\/IMG_20250617_095834-1392x1312.jpg?v=1750169471 1392w, https:\/\/periodicolarepublica.com\/wp-content\/uploads\/2025\/06\/IMG_20250617_095834-1068x1006.jpg?v=1750169471 1068w, https:\/\/periodicolarepublica.com\/wp-content\/uploads\/2025\/06\/IMG_20250617_095834-1920x1809.jpg?v=1750169471 1920w\" sizes=\"auto, (max-width: 300px) 100vw, 300px\" \/><\/p>\n","protected":false},"excerpt":{"rendered":"<p>Santo Domingo, -El ingeniero Tom\u00e1s Hern\u00e1ndez Alberto, presidente del movimiento Poder P\u2019AL Pueblo, afirm\u00f3 que el a\u00f1o que est\u00e1 por concluir consolida de manera contundente el liderazgo, la capacidad de gesti\u00f3n y la visi\u00f3n transformadora del presidente Luis Abinader, marcando un antes y un despu\u00e9s en la historia reciente de la Rep\u00fablica Dominicana. &nbsp; Hern\u00e1ndez [&hellip;]<\/p>\n","protected":false},"author":10,"featured_media":3423,"comment_status":"open","ping_status":"open","sticky":false,"template":"","format":"standard","meta":{"om_disable_all_campaigns":false,"_monsterinsights_skip_tracking":false,"_monsterinsights_sitenote_active":false,"_monsterinsights_sitenote_note":"","_monsterinsights_sitenote_category":0,"footnotes":""},"categories":[1],"tags":[163],"class_list":{"0":"post-4723","1":"post","2":"type-post","3":"status-publish","4":"format-standard","5":"has-post-thumbnail","7":"category-nacionales","8":"tag-tomas-hernandez-alberto"},"aioseo_notices":[],"_links":{"self":[{"href":"https:\/\/periodicolarepublica.com\/index.php\/wp-json\/wp\/v2\/posts\/4723","targetHints":{"allow":["GET"]}}],"collection":[{"href":"https:\/\/periodicolarepublica.com\/index.php\/wp-json\/wp\/v2\/posts"}],"about":[{"href":"https:\/\/periodicolarepublica.com\/index.php\/wp-json\/wp\/v2\/types\/post"}],"author":[{"embeddable":true,"href":"https:\/\/periodicolarepublica.com\/index.php\/wp-json\/wp\/v2\/users\/10"}],"replies":[{"embeddable":true,"href":"https:\/\/periodicolarepublica.com\/index.php\/wp-json\/wp\/v2\/comments?post=4723"}],"version-history":[{"count":1,"href":"https:\/\/periodicolarepublica.com\/index.php\/wp-json\/wp\/v2\/posts\/4723\/revisions"}],"predecessor-version":[{"id":4724,"href":"https:\/\/periodicolarepublica.com\/index.php\/wp-json\/wp\/v2\/posts\/4723\/revisions\/4724"}],"wp:featuredmedia":[{"embeddable":true,"href":"https:\/\/periodicolarepublica.com\/index.php\/wp-json\/wp\/v2\/media\/3423"}],"wp:attachment":[{"href":"https:\/\/periodicolarepublica.com\/index.php\/wp-json\/wp\/v2\/media?parent=4723"}],"wp:term":[{"taxonomy":"category","embeddable":true,"href":"https:\/\/periodicolarepublica.com\/index.php\/wp-json\/wp\/v2\/categories?post=4723"},{"taxonomy":"post_tag","embeddable":true,"href":"https:\/\/periodicolarepublica.com\/index.php\/wp-json\/wp\/v2\/tags?post=4723"}],"curies":[{"name":"wp","href":"https:\/\/api.w.org\/{rel}","templated":true}]}}