{"id":4725,"date":"2025-12-31T09:07:06","date_gmt":"2025-12-31T13:07:06","guid":{"rendered":"https:\/\/periodicolarepublica.com\/?p=4725"},"modified":"2025-12-31T09:07:06","modified_gmt":"2025-12-31T13:07:06","slug":"dr-victor-atallah-envia-mensaje-de-ano-nuevo-al-pueblo-dominicano-y-reafirma-el-compromiso-del-gobierno-con-la-salud-y-la-vida","status":"publish","type":"post","link":"https:\/\/periodicolarepublica.com\/index.php\/2025\/12\/31\/dr-victor-atallah-envia-mensaje-de-ano-nuevo-al-pueblo-dominicano-y-reafirma-el-compromiso-del-gobierno-con-la-salud-y-la-vida\/","title":{"rendered":"Dr. V\u00edctor Atallah env\u00eda mensaje de A\u00f1o Nuevo al pueblo dominicano y reafirma el compromiso del Gobierno con la salud y la vida"},"content":{"rendered":"<p>Santo Domingo, \u2013 Con motivo de la llegada del A\u00f1o Nuevo, el ministro de Salud P\u00fablica, Dr. V\u00edctor Atallah, extendi\u00f3 un mensaje de felicitaci\u00f3n al pueblo dominicano, deseando un a\u00f1o lleno de salud, bienestar y esperanza, al tiempo que reafirm\u00f3 el compromiso del Gobierno dominicano de seguir protegiendo la vida y la seguridad sanitaria de toda la poblaci\u00f3n.<\/p>\n<p>&nbsp;<\/p>\n<p>El Dr. Atallah destac\u00f3 que el inicio de un nuevo a\u00f1o representa una oportunidad para fortalecer la conciencia ciudadana, actuar con prudencia y cumplir de manera responsable las medidas establecidas por las autoridades, las cuales est\u00e1n orientadas a prevenir riesgos y garantizar el bienestar colectivo.<\/p>\n<p>&nbsp;<\/p>\n<p>\u201cEl mayor regalo que podemos ofrecer a nuestras familias en este nuevo a\u00f1o es el cuidado de la salud. Celebrar con prudencia y respetar las recomendaciones oficiales es una muestra de amor, responsabilidad y compromiso con la vida\u201d, expres\u00f3 el ministro.<\/p>\n<p>&nbsp;<\/p>\n<p>Asimismo, resalt\u00f3 que el Ministerio de Salud P\u00fablica mantiene una vigilancia activa y un trabajo constante en todo el territorio nacional, ejecutando acciones preventivas y fortaleciendo los servicios de salud, como parte de la visi\u00f3n del Gobierno de asegurar una atenci\u00f3n digna, oportuna y eficiente para todos los dominicanos.<\/p>\n<p>&nbsp;<\/p>\n<p>El titular de Salud P\u00fablica exhort\u00f3 a la ciudadan\u00eda a iniciar el a\u00f1o con disciplina, solidaridad y respeto por las normas establecidas, destacando que la colaboraci\u00f3n entre autoridades y poblaci\u00f3n ha sido clave para enfrentar los desaf\u00edos sanitarios y continuar avanzando como naci\u00f3n.<\/p>\n<p>&nbsp;<\/p>\n<p>Finalmente, el Dr. V\u00edctor Atallah reiter\u00f3 su deseo de un A\u00f1o Nuevo lleno de paz, salud y prosperidad para cada hogar dominicano, asegurando que el Ministerio de Salud P\u00fablica continuar\u00e1 trabajando sin descanso en favor del bienestar del pueblo.<img loading=\"lazy\" decoding=\"async\" class=\"size-medium wp-image-3253 alignright\" src=\"https:\/\/periodicolarepublica.com\/wp-content\/uploads\/2025\/05\/IMG-20250509-WA0304-300x200.jpg\" alt=\"\" width=\"300\" height=\"200\" srcset=\"https:\/\/periodicolarepublica.com\/wp-content\/uploads\/2025\/05\/IMG-20250509-WA0304-300x200.jpg?v=1746806572 300w, https:\/\/periodicolarepublica.com\/wp-content\/uploads\/2025\/05\/IMG-20250509-WA0304-1024x683.jpg?v=1746806572 1024w, https:\/\/periodicolarepublica.com\/wp-content\/uploads\/2025\/05\/IMG-20250509-WA0304-768x512.jpg?v=1746806572 768w, https:\/\/periodicolarepublica.com\/wp-content\/uploads\/2025\/05\/IMG-20250509-WA0304-1536x1024.jpg?v=1746806572 1536w, https:\/\/periodicolarepublica.com\/wp-content\/uploads\/2025\/05\/IMG-20250509-WA0304-2048x1366.jpg?v=1746806572 2048w, https:\/\/periodicolarepublica.com\/wp-content\/uploads\/2025\/05\/IMG-20250509-WA0304-150x100.jpg?v=1746806572 150w, https:\/\/periodicolarepublica.com\/wp-content\/uploads\/2025\/05\/IMG-20250509-WA0304-600x400.jpg?v=1746806572 600w, https:\/\/periodicolarepublica.com\/wp-content\/uploads\/2025\/05\/IMG-20250509-WA0304-696x464.jpg?v=1746806572 696w, https:\/\/periodicolarepublica.com\/wp-content\/uploads\/2025\/05\/IMG-20250509-WA0304-1392x928.jpg?v=1746806572 1392w, https:\/\/periodicolarepublica.com\/wp-content\/uploads\/2025\/05\/IMG-20250509-WA0304-1068x712.jpg?v=1746806572 1068w, https:\/\/periodicolarepublica.com\/wp-content\/uploads\/2025\/05\/IMG-20250509-WA0304-1920x1280.jpg?v=1746806572 1920w\" sizes=\"auto, (max-width: 300px) 100vw, 300px\" \/><\/p>\n","protected":false},"excerpt":{"rendered":"<p>Santo Domingo, \u2013 Con motivo de la llegada del A\u00f1o Nuevo, el ministro de Salud P\u00fablica, Dr. V\u00edctor Atallah, extendi\u00f3 un mensaje de felicitaci\u00f3n al pueblo dominicano, deseando un a\u00f1o lleno de salud, bienestar y esperanza, al tiempo que reafirm\u00f3 el compromiso del Gobierno dominicano de seguir protegiendo la vida y la seguridad sanitaria de [&hellip;]<\/p>\n","protected":false},"author":10,"featured_media":3253,"comment_status":"open","ping_status":"open","sticky":false,"template":"","format":"standard","meta":{"om_disable_all_campaigns":false,"_monsterinsights_skip_tracking":false,"_monsterinsights_sitenote_active":false,"_monsterinsights_sitenote_note":"","_monsterinsights_sitenote_category":0,"footnotes":""},"categories":[1],"tags":[],"class_list":{"0":"post-4725","1":"post","2":"type-post","3":"status-publish","4":"format-standard","5":"has-post-thumbnail","7":"category-nacionales"},"aioseo_notices":[],"_links":{"self":[{"href":"https:\/\/periodicolarepublica.com\/index.php\/wp-json\/wp\/v2\/posts\/4725","targetHints":{"allow":["GET"]}}],"collection":[{"href":"https:\/\/periodicolarepublica.com\/index.php\/wp-json\/wp\/v2\/posts"}],"about":[{"href":"https:\/\/periodicolarepublica.com\/index.php\/wp-json\/wp\/v2\/types\/post"}],"author":[{"embeddable":true,"href":"https:\/\/periodicolarepublica.com\/index.php\/wp-json\/wp\/v2\/users\/10"}],"replies":[{"embeddable":true,"href":"https:\/\/periodicolarepublica.com\/index.php\/wp-json\/wp\/v2\/comments?post=4725"}],"version-history":[{"count":1,"href":"https:\/\/periodicolarepublica.com\/index.php\/wp-json\/wp\/v2\/posts\/4725\/revisions"}],"predecessor-version":[{"id":4726,"href":"https:\/\/periodicolarepublica.com\/index.php\/wp-json\/wp\/v2\/posts\/4725\/revisions\/4726"}],"wp:featuredmedia":[{"embeddable":true,"href":"https:\/\/periodicolarepublica.com\/index.php\/wp-json\/wp\/v2\/media\/3253"}],"wp:attachment":[{"href":"https:\/\/periodicolarepublica.com\/index.php\/wp-json\/wp\/v2\/media?parent=4725"}],"wp:term":[{"taxonomy":"category","embeddable":true,"href":"https:\/\/periodicolarepublica.com\/index.php\/wp-json\/wp\/v2\/categories?post=4725"},{"taxonomy":"post_tag","embeddable":true,"href":"https:\/\/periodicolarepublica.com\/index.php\/wp-json\/wp\/v2\/tags?post=4725"}],"curies":[{"name":"wp","href":"https:\/\/api.w.org\/{rel}","templated":true}]}}