{"id":4727,"date":"2025-12-30T09:51:14","date_gmt":"2025-12-30T13:51:14","guid":{"rendered":"https:\/\/periodicolarepublica.com\/?p=4727"},"modified":"2025-12-31T09:53:13","modified_gmt":"2025-12-31T13:53:13","slug":"el-fin-de-ano-en-republica-dominicana-tradicion-union-y-esperanza-colectiva","status":"publish","type":"post","link":"https:\/\/periodicolarepublica.com\/index.php\/2025\/12\/30\/el-fin-de-ano-en-republica-dominicana-tradicion-union-y-esperanza-colectiva\/","title":{"rendered":"El fin de a\u00f1o en Rep\u00fablica Dominicana: tradici\u00f3n, uni\u00f3n y esperanza colectiva"},"content":{"rendered":"<p style=\"text-align: right;\">Por: Coralia Lebr\u00f3n<\/p>\n<p>En la Rep\u00fablica Dominicana, el fin de a\u00f1o se vive como un momento de encuentro, reflexi\u00f3n y celebraci\u00f3n compartida. No se trata \u00fanicamente del cierre de un calendario, sino de un acto simb\u00f3lico donde las familias y comunidades hacen una pausa para recordar lo vivido, agradecer lo alcanzado y renovar la esperanza ante un nuevo comienzo.<\/p>\n<p>&nbsp;<\/p>\n<p>Las reuniones familiares y vecinales son el eje central de esta celebraci\u00f3n. Los hogares se llenan de visitas, abrazos y conversaciones que repasan los logros y desaf\u00edos del a\u00f1o que termina. La espera de la medianoche se convierte en un instante cargado de emoci\u00f3n, marcado por el brindis, los buenos deseos y la fe en un futuro mejor.<\/p>\n<p>&nbsp;<\/p>\n<p>La mesa tambi\u00e9n tiene un papel protag\u00f3nico en la despedida del a\u00f1o. Platos tradicionales como el cerdo asado, el moro de guandules, los pasteles en hoja y diversas preparaciones caseras se comparten sin formalidades, reforzando el valor de la solidaridad y la costumbre dominicana de recibir a todos con generosidad.<\/p>\n<p>&nbsp;<\/p>\n<p>La m\u00fasica acompa\u00f1a el cierre del a\u00f1o como expresi\u00f3n de identidad y alegr\u00eda. El merengue, la bachata y canciones populares suenan en casas y barrios, creando un ambiente festivo que une a generaciones. As\u00ed, entre ritmo, convivencia y esperanza, los dominicanos despiden el a\u00f1o con optimismo, celebrando la vida y la posibilidad de nuevos comienzos.<\/p>\n<p><img loading=\"lazy\" decoding=\"async\" class=\"alignnone size-medium wp-image-4728\" src=\"https:\/\/periodicolarepublica.com\/wp-content\/uploads\/2025\/12\/IMG-20251231-WA0002-300x246.jpg\" alt=\"\" width=\"300\" height=\"246\" srcset=\"https:\/\/periodicolarepublica.com\/wp-content\/uploads\/2025\/12\/IMG-20251231-WA0002-300x246.jpg 300w, https:\/\/periodicolarepublica.com\/wp-content\/uploads\/2025\/12\/IMG-20251231-WA0002-768x630.jpg 768w, https:\/\/periodicolarepublica.com\/wp-content\/uploads\/2025\/12\/IMG-20251231-WA0002-150x123.jpg 150w, https:\/\/periodicolarepublica.com\/wp-content\/uploads\/2025\/12\/IMG-20251231-WA0002-600x492.jpg 600w, https:\/\/periodicolarepublica.com\/wp-content\/uploads\/2025\/12\/IMG-20251231-WA0002-696x571.jpg 696w, https:\/\/periodicolarepublica.com\/wp-content\/uploads\/2025\/12\/IMG-20251231-WA0002.jpg 1024w\" sizes=\"auto, (max-width: 300px) 100vw, 300px\" \/><\/p>\n","protected":false},"excerpt":{"rendered":"<p>Por: Coralia Lebr\u00f3n En la Rep\u00fablica Dominicana, el fin de a\u00f1o se vive como un momento de encuentro, reflexi\u00f3n y celebraci\u00f3n compartida. No se trata \u00fanicamente del cierre de un calendario, sino de un acto simb\u00f3lico donde las familias y comunidades hacen una pausa para recordar lo vivido, agradecer lo alcanzado y renovar la esperanza [&hellip;]<\/p>\n","protected":false},"author":6,"featured_media":4728,"comment_status":"open","ping_status":"open","sticky":false,"template":"","format":"standard","meta":{"om_disable_all_campaigns":false,"_monsterinsights_skip_tracking":false,"_monsterinsights_sitenote_active":false,"_monsterinsights_sitenote_note":"","_monsterinsights_sitenote_category":0,"footnotes":""},"categories":[1],"tags":[],"class_list":{"0":"post-4727","1":"post","2":"type-post","3":"status-publish","4":"format-standard","5":"has-post-thumbnail","7":"category-nacionales"},"aioseo_notices":[],"_links":{"self":[{"href":"https:\/\/periodicolarepublica.com\/index.php\/wp-json\/wp\/v2\/posts\/4727","targetHints":{"allow":["GET"]}}],"collection":[{"href":"https:\/\/periodicolarepublica.com\/index.php\/wp-json\/wp\/v2\/posts"}],"about":[{"href":"https:\/\/periodicolarepublica.com\/index.php\/wp-json\/wp\/v2\/types\/post"}],"author":[{"embeddable":true,"href":"https:\/\/periodicolarepublica.com\/index.php\/wp-json\/wp\/v2\/users\/6"}],"replies":[{"embeddable":true,"href":"https:\/\/periodicolarepublica.com\/index.php\/wp-json\/wp\/v2\/comments?post=4727"}],"version-history":[{"count":1,"href":"https:\/\/periodicolarepublica.com\/index.php\/wp-json\/wp\/v2\/posts\/4727\/revisions"}],"predecessor-version":[{"id":4729,"href":"https:\/\/periodicolarepublica.com\/index.php\/wp-json\/wp\/v2\/posts\/4727\/revisions\/4729"}],"wp:featuredmedia":[{"embeddable":true,"href":"https:\/\/periodicolarepublica.com\/index.php\/wp-json\/wp\/v2\/media\/4728"}],"wp:attachment":[{"href":"https:\/\/periodicolarepublica.com\/index.php\/wp-json\/wp\/v2\/media?parent=4727"}],"wp:term":[{"taxonomy":"category","embeddable":true,"href":"https:\/\/periodicolarepublica.com\/index.php\/wp-json\/wp\/v2\/categories?post=4727"},{"taxonomy":"post_tag","embeddable":true,"href":"https:\/\/periodicolarepublica.com\/index.php\/wp-json\/wp\/v2\/tags?post=4727"}],"curies":[{"name":"wp","href":"https:\/\/api.w.org\/{rel}","templated":true}]}}