{"id":4730,"date":"2025-12-31T09:55:35","date_gmt":"2025-12-31T13:55:35","guid":{"rendered":"https:\/\/periodicolarepublica.com\/?p=4730"},"modified":"2025-12-31T09:55:35","modified_gmt":"2025-12-31T13:55:35","slug":"barrick-pueblo-viejo-invierte-mas-de-us1-8-millones-en-iniciativas-que-transforman-vidas","status":"publish","type":"post","link":"https:\/\/periodicolarepublica.com\/index.php\/2025\/12\/31\/barrick-pueblo-viejo-invierte-mas-de-us1-8-millones-en-iniciativas-que-transforman-vidas\/","title":{"rendered":"Barrick Pueblo Viejo invierte m\u00e1s de US$1.8 millones en iniciativas que transforman vidas"},"content":{"rendered":"<p>En 2025, Barrick Pueblo Viejo destin\u00f3 US$1,868,293 a programas sociales orientados a mejorar la calidad de vida de miles de personas en la provincia S\u00e1nchez Ram\u00edrez y comunidades cercanas, reafirmando su compromiso con el desarrollo sostenible.<\/p>\n<p>La inversi\u00f3n impact\u00f3 \u00e1reas clave como salud, educaci\u00f3n, infraestructura comunitaria, medio ambiente y desarrollo local, con iniciativas centradas en las necesidades reales de las comunidades.<\/p>\n<p>En materia de educaci\u00f3n, la empresa otorg\u00f3 40 becas a j\u00f3venes de escasos recursos para estudiar carreras como mecatr\u00f3nica, ingenier\u00eda, geolog\u00eda y psicolog\u00eda, cubriendo el pago de matr\u00edcula y otorgando un bono para gastos educativos, a trav\u00e9s del programa Cr\u00e9dito \u2013 Beca que lleva a cabo en alianza con FUNDAPEC.<\/p>\n<p><img loading=\"lazy\" decoding=\"async\" class=\"alignnone size-medium wp-image-4489\" src=\"https:\/\/periodicolarepublica.com\/wp-content\/uploads\/2025\/11\/images-23-300x300.png\" alt=\"\" width=\"300\" height=\"300\" srcset=\"https:\/\/periodicolarepublica.com\/wp-content\/uploads\/2025\/11\/images-23-300x300.png 300w, https:\/\/periodicolarepublica.com\/wp-content\/uploads\/2025\/11\/images-23-150x150.png 150w, https:\/\/periodicolarepublica.com\/wp-content\/uploads\/2025\/11\/images-23.png 447w\" sizes=\"auto, (max-width: 300px) 100vw, 300px\" \/><\/p>\n","protected":false},"excerpt":{"rendered":"<p>En 2025, Barrick Pueblo Viejo destin\u00f3 US$1,868,293 a programas sociales orientados a mejorar la calidad de vida de miles de personas en la provincia S\u00e1nchez Ram\u00edrez y comunidades cercanas, reafirmando su compromiso con el desarrollo sostenible. La inversi\u00f3n impact\u00f3 \u00e1reas clave como salud, educaci\u00f3n, infraestructura comunitaria, medio ambiente y desarrollo local, con iniciativas centradas en [&hellip;]<\/p>\n","protected":false},"author":6,"featured_media":4489,"comment_status":"open","ping_status":"open","sticky":false,"template":"","format":"standard","meta":{"om_disable_all_campaigns":false,"_monsterinsights_skip_tracking":false,"_monsterinsights_sitenote_active":false,"_monsterinsights_sitenote_note":"","_monsterinsights_sitenote_category":0,"footnotes":""},"categories":[1],"tags":[491],"class_list":{"0":"post-4730","1":"post","2":"type-post","3":"status-publish","4":"format-standard","5":"has-post-thumbnail","7":"category-nacionales","8":"tag-barrick-pueblo-viejo"},"aioseo_notices":[],"_links":{"self":[{"href":"https:\/\/periodicolarepublica.com\/index.php\/wp-json\/wp\/v2\/posts\/4730","targetHints":{"allow":["GET"]}}],"collection":[{"href":"https:\/\/periodicolarepublica.com\/index.php\/wp-json\/wp\/v2\/posts"}],"about":[{"href":"https:\/\/periodicolarepublica.com\/index.php\/wp-json\/wp\/v2\/types\/post"}],"author":[{"embeddable":true,"href":"https:\/\/periodicolarepublica.com\/index.php\/wp-json\/wp\/v2\/users\/6"}],"replies":[{"embeddable":true,"href":"https:\/\/periodicolarepublica.com\/index.php\/wp-json\/wp\/v2\/comments?post=4730"}],"version-history":[{"count":1,"href":"https:\/\/periodicolarepublica.com\/index.php\/wp-json\/wp\/v2\/posts\/4730\/revisions"}],"predecessor-version":[{"id":4731,"href":"https:\/\/periodicolarepublica.com\/index.php\/wp-json\/wp\/v2\/posts\/4730\/revisions\/4731"}],"wp:featuredmedia":[{"embeddable":true,"href":"https:\/\/periodicolarepublica.com\/index.php\/wp-json\/wp\/v2\/media\/4489"}],"wp:attachment":[{"href":"https:\/\/periodicolarepublica.com\/index.php\/wp-json\/wp\/v2\/media?parent=4730"}],"wp:term":[{"taxonomy":"category","embeddable":true,"href":"https:\/\/periodicolarepublica.com\/index.php\/wp-json\/wp\/v2\/categories?post=4730"},{"taxonomy":"post_tag","embeddable":true,"href":"https:\/\/periodicolarepublica.com\/index.php\/wp-json\/wp\/v2\/tags?post=4730"}],"curies":[{"name":"wp","href":"https:\/\/api.w.org\/{rel}","templated":true}]}}