{"id":4732,"date":"2025-12-31T13:49:57","date_gmt":"2025-12-31T17:49:57","guid":{"rendered":"https:\/\/periodicolarepublica.com\/?p=4732"},"modified":"2025-12-31T13:49:57","modified_gmt":"2025-12-31T17:49:57","slug":"sondeos-midio-lo-mejor-y-lo-peor-de-luis-abinader-en-el-2025-y-dejo-resultados-muy-interesantes-para-analizar","status":"publish","type":"post","link":"https:\/\/periodicolarepublica.com\/index.php\/2025\/12\/31\/sondeos-midio-lo-mejor-y-lo-peor-de-luis-abinader-en-el-2025-y-dejo-resultados-muy-interesantes-para-analizar\/","title":{"rendered":"SONDEOS midi\u00f3 lo mejor y lo peor de Luis Abinader en el 2025 y dej\u00f3 resultados muy interesantes para analizar"},"content":{"rendered":"<p>Un reciente estudio de la firma encuestadora SONDEOS ofrece una radiograf\u00eda clara del clima social y pol\u00edtico de la Rep\u00fablica Dominicana al cierre de 2025. El levantamiento, realizado entre el 20 y el 23 de diciembre a 1,300 personas de forma presencial (\u00b11.91 % de margen de error), muestra a una poblaci\u00f3n que percibe dificultades en el presente, pero que conserva un optimismo moderado frente al futuro.<\/p>\n<p>En la evaluaci\u00f3n del presidente Luis Abinader, los resultados reflejan una imagen personal s\u00f3lida, aunque acompa\u00f1ada de cr\u00edticas a la eficiencia gubernamental. El mandatario obtiene valoraciones positivas en siete de nueve indicadores: destaca su honestidad (78 %), vocaci\u00f3n de di\u00e1logo (72 %) y la creencia en su palabra (63 %). Adem\u00e1s, el 67 % considera que tiene la actitud y capacidad para mejorar la situaci\u00f3n del pa\u00eds. Sin embargo, persisten cuestionamientos sobre la gesti\u00f3n: el 40 % de los encuestados cree que la econom\u00eda est\u00e1 peor que el a\u00f1o anterior y el 43 % percibe un deterioro en los servicios p\u00fablicos.<\/p>\n<p>La encuesta tambi\u00e9n revela que la principal preocupaci\u00f3n ciudadana de cara a 2026 es la calidad de vida, se\u00f1alada por el 54 % de los consultados. Entre los trabajadores, la necesidad de mejores salarios (51 %) y la falta de empleo digno (48 %) encabezan las inquietudes, evidenciando el peso de la situaci\u00f3n econ\u00f3mica en el \u00e1nimo social.<\/p>\n<p>M\u00e1s all\u00e1 del presidente, el estudio posiciona con alta valoraci\u00f3n a figuras como la procuradora Yeni Berenice Reynoso, la vicepresidenta Raquel Pe\u00f1a y el senador Omar Fern\u00e1ndez. En contraste, algunos funcionarios aparecen con fuertes niveles de rechazo, encabezados por el ministro de Agricultura, Limber Cruz. En conjunto, los datos de SONDEOS dibujan un pa\u00eds que reconoce liderazgo y honestidad en su presidente, pero que exige mayor eficiencia y resultados concretos para mejorar su d\u00eda a d\u00eda.<\/p>\n<p><img loading=\"lazy\" decoding=\"async\" class=\"alignnone size-medium wp-image-4733\" src=\"https:\/\/periodicolarepublica.com\/wp-content\/uploads\/2025\/12\/e7da1c9c-d26a-4dec-80b1-d57a812324fd-300x220.jpeg\" alt=\"\" width=\"300\" height=\"220\" srcset=\"https:\/\/periodicolarepublica.com\/wp-content\/uploads\/2025\/12\/e7da1c9c-d26a-4dec-80b1-d57a812324fd-300x220.jpeg 300w, https:\/\/periodicolarepublica.com\/wp-content\/uploads\/2025\/12\/e7da1c9c-d26a-4dec-80b1-d57a812324fd-1024x751.jpeg 1024w, https:\/\/periodicolarepublica.com\/wp-content\/uploads\/2025\/12\/e7da1c9c-d26a-4dec-80b1-d57a812324fd-768x563.jpeg 768w, https:\/\/periodicolarepublica.com\/wp-content\/uploads\/2025\/12\/e7da1c9c-d26a-4dec-80b1-d57a812324fd-150x110.jpeg 150w, https:\/\/periodicolarepublica.com\/wp-content\/uploads\/2025\/12\/e7da1c9c-d26a-4dec-80b1-d57a812324fd-600x440.jpeg 600w, https:\/\/periodicolarepublica.com\/wp-content\/uploads\/2025\/12\/e7da1c9c-d26a-4dec-80b1-d57a812324fd-696x511.jpeg 696w, https:\/\/periodicolarepublica.com\/wp-content\/uploads\/2025\/12\/e7da1c9c-d26a-4dec-80b1-d57a812324fd-1068x783.jpeg 1068w, https:\/\/periodicolarepublica.com\/wp-content\/uploads\/2025\/12\/e7da1c9c-d26a-4dec-80b1-d57a812324fd.jpeg 1280w\" sizes=\"auto, (max-width: 300px) 100vw, 300px\" \/><\/p>\n","protected":false},"excerpt":{"rendered":"<p>Un reciente estudio de la firma encuestadora SONDEOS ofrece una radiograf\u00eda clara del clima social y pol\u00edtico de la Rep\u00fablica Dominicana al cierre de 2025. El levantamiento, realizado entre el 20 y el 23 de diciembre a 1,300 personas de forma presencial (\u00b11.91 % de margen de error), muestra a una poblaci\u00f3n que percibe dificultades [&hellip;]<\/p>\n","protected":false},"author":1,"featured_media":4733,"comment_status":"open","ping_status":"open","sticky":false,"template":"","format":"standard","meta":{"om_disable_all_campaigns":false,"_monsterinsights_skip_tracking":false,"_monsterinsights_sitenote_active":false,"_monsterinsights_sitenote_note":"","_monsterinsights_sitenote_category":0,"footnotes":""},"categories":[1],"tags":[506],"class_list":{"0":"post-4732","1":"post","2":"type-post","3":"status-publish","4":"format-standard","5":"has-post-thumbnail","7":"category-nacionales","8":"tag-sondeos"},"aioseo_notices":[],"_links":{"self":[{"href":"https:\/\/periodicolarepublica.com\/index.php\/wp-json\/wp\/v2\/posts\/4732","targetHints":{"allow":["GET"]}}],"collection":[{"href":"https:\/\/periodicolarepublica.com\/index.php\/wp-json\/wp\/v2\/posts"}],"about":[{"href":"https:\/\/periodicolarepublica.com\/index.php\/wp-json\/wp\/v2\/types\/post"}],"author":[{"embeddable":true,"href":"https:\/\/periodicolarepublica.com\/index.php\/wp-json\/wp\/v2\/users\/1"}],"replies":[{"embeddable":true,"href":"https:\/\/periodicolarepublica.com\/index.php\/wp-json\/wp\/v2\/comments?post=4732"}],"version-history":[{"count":1,"href":"https:\/\/periodicolarepublica.com\/index.php\/wp-json\/wp\/v2\/posts\/4732\/revisions"}],"predecessor-version":[{"id":4734,"href":"https:\/\/periodicolarepublica.com\/index.php\/wp-json\/wp\/v2\/posts\/4732\/revisions\/4734"}],"wp:featuredmedia":[{"embeddable":true,"href":"https:\/\/periodicolarepublica.com\/index.php\/wp-json\/wp\/v2\/media\/4733"}],"wp:attachment":[{"href":"https:\/\/periodicolarepublica.com\/index.php\/wp-json\/wp\/v2\/media?parent=4732"}],"wp:term":[{"taxonomy":"category","embeddable":true,"href":"https:\/\/periodicolarepublica.com\/index.php\/wp-json\/wp\/v2\/categories?post=4732"},{"taxonomy":"post_tag","embeddable":true,"href":"https:\/\/periodicolarepublica.com\/index.php\/wp-json\/wp\/v2\/tags?post=4732"}],"curies":[{"name":"wp","href":"https:\/\/api.w.org\/{rel}","templated":true}]}}