{"id":4736,"date":"2025-12-31T16:13:13","date_gmt":"2025-12-31T20:13:13","guid":{"rendered":"https:\/\/periodicolarepublica.com\/?p=4736"},"modified":"2025-12-31T16:13:35","modified_gmt":"2025-12-31T20:13:35","slug":"un-ano-2025-c9n-gran-gestion-para-el-mercado-de-valores-dominicano","status":"publish","type":"post","link":"https:\/\/periodicolarepublica.com\/index.php\/2025\/12\/31\/un-ano-2025-c9n-gran-gestion-para-el-mercado-de-valores-dominicano\/","title":{"rendered":"Un a\u00f1o 2025 de gran gesti\u00f3n para el mercado  de valores  dominicano"},"content":{"rendered":"<p>Este a\u00f1o fue mucho m\u00e1s que una agenda de actividades para el mercado de valores dominicano. Bajo la gesti\u00f3n del superintendente Ernesto Bournigal, el compromiso institucional se tradujo en acciones concretas, resultados visibles y un fortalecimiento real de la confianza en el sistema.<\/p>\n<p>Cada encuentro, iniciativa formativa y espacio de di\u00e1logo reafirm\u00f3 una visi\u00f3n clara: proteger al inversionista y construir un mercado m\u00e1s s\u00f3lido, transparente e inclusivo. La conducci\u00f3n t\u00e9cnica, firme y cercana del superintendente, junto al trabajo de un equipo comprometido, ha sido clave para estos avances.<\/p>\n<p>En un contexto donde la credibilidad es esencial, esta gesti\u00f3n demuestra que el liderazgo con visi\u00f3n y vocaci\u00f3n de servicio puede trascender la agenda y dejar un legado duradero.<\/p>\n<p style=\"text-align: center;\">M\u00e1ximo Mi\u00f1oso,\u00a0 Director Medio La Rep\u00fablica<\/p>\n<p><img loading=\"lazy\" decoding=\"async\" class=\"alignnone size-medium wp-image-4737\" src=\"https:\/\/periodicolarepublica.com\/wp-content\/uploads\/2025\/12\/Foto_Superintendente-e1767211965843-300x296.jpg\" alt=\"\" width=\"300\" height=\"296\" srcset=\"https:\/\/periodicolarepublica.com\/wp-content\/uploads\/2025\/12\/Foto_Superintendente-e1767211965843-300x296.jpg 300w, https:\/\/periodicolarepublica.com\/wp-content\/uploads\/2025\/12\/Foto_Superintendente-e1767211965843-150x148.jpg 150w, https:\/\/periodicolarepublica.com\/wp-content\/uploads\/2025\/12\/Foto_Superintendente-e1767211965843.jpg 570w\" sizes=\"auto, (max-width: 300px) 100vw, 300px\" \/><\/p>\n","protected":false},"excerpt":{"rendered":"<p>Este a\u00f1o fue mucho m\u00e1s que una agenda de actividades para el mercado de valores dominicano. Bajo la gesti\u00f3n del superintendente Ernesto Bournigal, el compromiso institucional se tradujo en acciones concretas, resultados visibles y un fortalecimiento real de la confianza en el sistema. Cada encuentro, iniciativa formativa y espacio de di\u00e1logo reafirm\u00f3 una visi\u00f3n clara: [&hellip;]<\/p>\n","protected":false},"author":1,"featured_media":4737,"comment_status":"open","ping_status":"open","sticky":false,"template":"","format":"standard","meta":{"om_disable_all_campaigns":false,"_monsterinsights_skip_tracking":false,"_monsterinsights_sitenote_active":false,"_monsterinsights_sitenote_note":"","_monsterinsights_sitenote_category":0,"footnotes":""},"categories":[33,1],"tags":[507],"class_list":{"0":"post-4736","1":"post","2":"type-post","3":"status-publish","4":"format-standard","5":"has-post-thumbnail","7":"category-canal-financiero","8":"category-nacionales","9":"tag-valores"},"aioseo_notices":[],"_links":{"self":[{"href":"https:\/\/periodicolarepublica.com\/index.php\/wp-json\/wp\/v2\/posts\/4736","targetHints":{"allow":["GET"]}}],"collection":[{"href":"https:\/\/periodicolarepublica.com\/index.php\/wp-json\/wp\/v2\/posts"}],"about":[{"href":"https:\/\/periodicolarepublica.com\/index.php\/wp-json\/wp\/v2\/types\/post"}],"author":[{"embeddable":true,"href":"https:\/\/periodicolarepublica.com\/index.php\/wp-json\/wp\/v2\/users\/1"}],"replies":[{"embeddable":true,"href":"https:\/\/periodicolarepublica.com\/index.php\/wp-json\/wp\/v2\/comments?post=4736"}],"version-history":[{"count":2,"href":"https:\/\/periodicolarepublica.com\/index.php\/wp-json\/wp\/v2\/posts\/4736\/revisions"}],"predecessor-version":[{"id":4739,"href":"https:\/\/periodicolarepublica.com\/index.php\/wp-json\/wp\/v2\/posts\/4736\/revisions\/4739"}],"wp:featuredmedia":[{"embeddable":true,"href":"https:\/\/periodicolarepublica.com\/index.php\/wp-json\/wp\/v2\/media\/4737"}],"wp:attachment":[{"href":"https:\/\/periodicolarepublica.com\/index.php\/wp-json\/wp\/v2\/media?parent=4736"}],"wp:term":[{"taxonomy":"category","embeddable":true,"href":"https:\/\/periodicolarepublica.com\/index.php\/wp-json\/wp\/v2\/categories?post=4736"},{"taxonomy":"post_tag","embeddable":true,"href":"https:\/\/periodicolarepublica.com\/index.php\/wp-json\/wp\/v2\/tags?post=4736"}],"curies":[{"name":"wp","href":"https:\/\/api.w.org\/{rel}","templated":true}]}}