{"id":4740,"date":"2025-12-31T16:30:34","date_gmt":"2025-12-31T20:30:34","guid":{"rendered":"https:\/\/periodicolarepublica.com\/?p=4740"},"modified":"2025-12-31T16:30:34","modified_gmt":"2025-12-31T20:30:34","slug":"70-califica-a-igor-rodriguez-como-un-funcionario-eficiente-segun-encuesta","status":"publish","type":"post","link":"https:\/\/periodicolarepublica.com\/index.php\/2025\/12\/31\/70-califica-a-igor-rodriguez-como-un-funcionario-eficiente-segun-encuesta\/","title":{"rendered":"70% califica a Igor Rodr\u00edguez como un funcionario eficiente seg\u00fan encuesta"},"content":{"rendered":"<p>La firma encuestadora SONDEOS realiz\u00f3 el lavantamiento del 20 al 23 de diciembre 2025<\/p>\n<p>Santo Domingo.- Un 70% de los encuestados calific\u00f3 con alto nivel de eficiencia la gesti\u00f3n de Igor Rodr\u00edguez Dur\u00e1n, director general del Instituto Dominicano de Aviaci\u00f3n Civil (IDAC), de acuerdo con los resultados de la m\u00e1s reciente encuesta realizada por SONDEOS.<\/p>\n<p>Del 20 al 23 de diciembre 2025, la firma encuestadora SONDEOS realiz\u00f3 un levantamiento nacional presencial de 1,300 casos, con un margen de error de \u00b11.91 %.<\/p>\n<p>Los resultados reflejan la percepci\u00f3n ciudadana sobre la administraci\u00f3n del IDAC, en un contexto donde la eficiencia institucional y la calidad de los servicios p\u00fablicos contin\u00faan siendo temas de inter\u00e9s nacional.<\/p>\n<p>El IDAC anunci\u00f3 recientemente que m\u00e1s de 213 mil operaciones a\u00e9reas se registraron antes de finalizar el a\u00f1o en la Rep\u00fablica Dominicana, marcando un r\u00e9cord hist\u00f3rico y evidenciando la calidad del servicio ofrecido por los controladores \u00e1reas.<\/p>\n<p><img loading=\"lazy\" decoding=\"async\" class=\"alignnone size-medium wp-image-4741\" src=\"https:\/\/periodicolarepublica.com\/wp-content\/uploads\/2025\/12\/IMG-20251231-WA0016-scaled-e1767213002920-300x213.jpg\" alt=\"\" width=\"300\" height=\"213\" srcset=\"https:\/\/periodicolarepublica.com\/wp-content\/uploads\/2025\/12\/IMG-20251231-WA0016-scaled-e1767213002920-300x213.jpg 300w, https:\/\/periodicolarepublica.com\/wp-content\/uploads\/2025\/12\/IMG-20251231-WA0016-scaled-e1767213002920-768x546.jpg 768w, https:\/\/periodicolarepublica.com\/wp-content\/uploads\/2025\/12\/IMG-20251231-WA0016-scaled-e1767213002920-150x107.jpg 150w, https:\/\/periodicolarepublica.com\/wp-content\/uploads\/2025\/12\/IMG-20251231-WA0016-scaled-e1767213002920-600x427.jpg 600w, https:\/\/periodicolarepublica.com\/wp-content\/uploads\/2025\/12\/IMG-20251231-WA0016-scaled-e1767213002920-696x495.jpg 696w, https:\/\/periodicolarepublica.com\/wp-content\/uploads\/2025\/12\/IMG-20251231-WA0016-scaled-e1767213002920-100x70.jpg 100w, https:\/\/periodicolarepublica.com\/wp-content\/uploads\/2025\/12\/IMG-20251231-WA0016-scaled-e1767213002920.jpg 942w\" sizes=\"auto, (max-width: 300px) 100vw, 300px\" \/><\/p>\n","protected":false},"excerpt":{"rendered":"<p>La firma encuestadora SONDEOS realiz\u00f3 el lavantamiento del 20 al 23 de diciembre 2025 Santo Domingo.- Un 70% de los encuestados calific\u00f3 con alto nivel de eficiencia la gesti\u00f3n de Igor Rodr\u00edguez Dur\u00e1n, director general del Instituto Dominicano de Aviaci\u00f3n Civil (IDAC), de acuerdo con los resultados de la m\u00e1s reciente encuesta realizada por SONDEOS. [&hellip;]<\/p>\n","protected":false},"author":6,"featured_media":4741,"comment_status":"open","ping_status":"open","sticky":false,"template":"","format":"standard","meta":{"om_disable_all_campaigns":false,"_monsterinsights_skip_tracking":false,"_monsterinsights_sitenote_active":false,"_monsterinsights_sitenote_note":"","_monsterinsights_sitenote_category":0,"footnotes":""},"categories":[1],"tags":[358],"class_list":{"0":"post-4740","1":"post","2":"type-post","3":"status-publish","4":"format-standard","5":"has-post-thumbnail","7":"category-nacionales","8":"tag-igor-rodriguez"},"aioseo_notices":[],"_links":{"self":[{"href":"https:\/\/periodicolarepublica.com\/index.php\/wp-json\/wp\/v2\/posts\/4740","targetHints":{"allow":["GET"]}}],"collection":[{"href":"https:\/\/periodicolarepublica.com\/index.php\/wp-json\/wp\/v2\/posts"}],"about":[{"href":"https:\/\/periodicolarepublica.com\/index.php\/wp-json\/wp\/v2\/types\/post"}],"author":[{"embeddable":true,"href":"https:\/\/periodicolarepublica.com\/index.php\/wp-json\/wp\/v2\/users\/6"}],"replies":[{"embeddable":true,"href":"https:\/\/periodicolarepublica.com\/index.php\/wp-json\/wp\/v2\/comments?post=4740"}],"version-history":[{"count":1,"href":"https:\/\/periodicolarepublica.com\/index.php\/wp-json\/wp\/v2\/posts\/4740\/revisions"}],"predecessor-version":[{"id":4742,"href":"https:\/\/periodicolarepublica.com\/index.php\/wp-json\/wp\/v2\/posts\/4740\/revisions\/4742"}],"wp:featuredmedia":[{"embeddable":true,"href":"https:\/\/periodicolarepublica.com\/index.php\/wp-json\/wp\/v2\/media\/4741"}],"wp:attachment":[{"href":"https:\/\/periodicolarepublica.com\/index.php\/wp-json\/wp\/v2\/media?parent=4740"}],"wp:term":[{"taxonomy":"category","embeddable":true,"href":"https:\/\/periodicolarepublica.com\/index.php\/wp-json\/wp\/v2\/categories?post=4740"},{"taxonomy":"post_tag","embeddable":true,"href":"https:\/\/periodicolarepublica.com\/index.php\/wp-json\/wp\/v2\/tags?post=4740"}],"curies":[{"name":"wp","href":"https:\/\/api.w.org\/{rel}","templated":true}]}}