{"id":4743,"date":"2025-12-31T19:29:05","date_gmt":"2025-12-31T23:29:05","guid":{"rendered":"https:\/\/periodicolarepublica.com\/?p=4743"},"modified":"2025-12-31T19:29:05","modified_gmt":"2025-12-31T23:29:05","slug":"vicepresidenta-raquel-pena-con-alta-valoracion-en-encuesta-de-sondeo","status":"publish","type":"post","link":"https:\/\/periodicolarepublica.com\/index.php\/2025\/12\/31\/vicepresidenta-raquel-pena-con-alta-valoracion-en-encuesta-de-sondeo\/","title":{"rendered":"Vicepresidenta Raquel Pe\u00f1a con alta valoraci\u00f3n en encuesta de Sondeo"},"content":{"rendered":"<p>La m\u00e1s reciente encuesta de sondeo revela una alta tasa de aceptaci\u00f3n hacia la vicepresidenta Raquel Pe\u00f1a, esto sin duda alguna, lo que vemos trabajar a la Vicepresidenta, y con esto reflejando el respaldo de la ciudadadania al desempe\u00f1o de sus funciones en el actual gobierno. Los resultados destacan alta valoraci\u00f3n, la confianza de la poblaci\u00f3n en su gesti\u00f3n, caracterizada por el trabajo coordinado y constante que realiza junto al presidente Luis Abinader.<\/p>\n<p>La valoraci\u00f3n positiva responde, en gran medida, a su liderazgo, siempre en actividades gubernamentales en cercan\u00eda con la gente y compromiso con las pol\u00edticas p\u00fablicas orientadas al desarrollo social y econ\u00f3mico del pa\u00eds. Asimismo, la encuesta subraya la percepci\u00f3n de eficiencia y responsabilidad en las tareas asumidas desde la Vicepresidencia, fortaleciendo la imagen institucional del gobierno.<\/p>\n<p>Este nivel de aprobaci\u00f3n confirma que la labor conjunta del binomio presidencial contin\u00faa generando confianza y expectativas favorables, consolidando una gesti\u00f3n que mantiene el respaldo de amplios sectores de la sociedad dominicana.<\/p>\n<p>Sube de nivel su aprobaci\u00f3n de acuerdo a encuestas anteriores, por lo cu\u00e1l se demuestra que sigue en crecimiento su liderazgo y reconocimiento ante la poblaci\u00f3n.<\/p>\n<p>Felicitaciones a la estimada Vicepresidenta Raquel Pe\u00f1a @raquelpenavice y todo su equipo que le acompa\u00f1a en @vicerdo<\/p>\n<p>M\u00e1ximo Mi\u00f1oso Santoni<\/p>\n<p>Director Medio La Rep\u00fablica<\/p>\n<p>www.periodicolarepublica.com<\/p>\n<figure id=\"attachment_3567\" aria-describedby=\"caption-attachment-3567\" style=\"width: 300px\" class=\"wp-caption alignnone\"><img loading=\"lazy\" decoding=\"async\" class=\"size-medium wp-image-3567\" src=\"https:\/\/periodicolarepublica.com\/wp-content\/uploads\/2025\/07\/IMG-20250705-WA0002-scaled-e1751718035826-300x201.jpg\" alt=\"Foto de Archivo\" width=\"300\" height=\"201\" srcset=\"https:\/\/periodicolarepublica.com\/wp-content\/uploads\/2025\/07\/IMG-20250705-WA0002-scaled-e1751718035826-300x201.jpg 300w, https:\/\/periodicolarepublica.com\/wp-content\/uploads\/2025\/07\/IMG-20250705-WA0002-scaled-e1751718035826-150x101.jpg 150w, https:\/\/periodicolarepublica.com\/wp-content\/uploads\/2025\/07\/IMG-20250705-WA0002-scaled-e1751718035826-600x403.jpg 600w, https:\/\/periodicolarepublica.com\/wp-content\/uploads\/2025\/07\/IMG-20250705-WA0002-scaled-e1751718035826.jpg 678w\" sizes=\"auto, (max-width: 300px) 100vw, 300px\" \/><figcaption id=\"caption-attachment-3567\" class=\"wp-caption-text\">RAQUEL PE\u00d1A<\/figcaption><\/figure>\n<p>&nbsp;<\/p>\n","protected":false},"excerpt":{"rendered":"<p>La m\u00e1s reciente encuesta de sondeo revela una alta tasa de aceptaci\u00f3n hacia la vicepresidenta Raquel Pe\u00f1a, esto sin duda alguna, lo que vemos trabajar a la Vicepresidenta, y con esto reflejando el respaldo de la ciudadadania al desempe\u00f1o de sus funciones en el actual gobierno. Los resultados destacan alta valoraci\u00f3n, la confianza de la [&hellip;]<\/p>\n","protected":false},"author":1,"featured_media":3567,"comment_status":"open","ping_status":"open","sticky":false,"template":"","format":"standard","meta":{"om_disable_all_campaigns":false,"_monsterinsights_skip_tracking":false,"_monsterinsights_sitenote_active":false,"_monsterinsights_sitenote_note":"","_monsterinsights_sitenote_category":0,"footnotes":""},"categories":[1],"tags":[144],"class_list":{"0":"post-4743","1":"post","2":"type-post","3":"status-publish","4":"format-standard","5":"has-post-thumbnail","7":"category-nacionales","8":"tag-raquel-pena"},"aioseo_notices":[],"_links":{"self":[{"href":"https:\/\/periodicolarepublica.com\/index.php\/wp-json\/wp\/v2\/posts\/4743","targetHints":{"allow":["GET"]}}],"collection":[{"href":"https:\/\/periodicolarepublica.com\/index.php\/wp-json\/wp\/v2\/posts"}],"about":[{"href":"https:\/\/periodicolarepublica.com\/index.php\/wp-json\/wp\/v2\/types\/post"}],"author":[{"embeddable":true,"href":"https:\/\/periodicolarepublica.com\/index.php\/wp-json\/wp\/v2\/users\/1"}],"replies":[{"embeddable":true,"href":"https:\/\/periodicolarepublica.com\/index.php\/wp-json\/wp\/v2\/comments?post=4743"}],"version-history":[{"count":1,"href":"https:\/\/periodicolarepublica.com\/index.php\/wp-json\/wp\/v2\/posts\/4743\/revisions"}],"predecessor-version":[{"id":4744,"href":"https:\/\/periodicolarepublica.com\/index.php\/wp-json\/wp\/v2\/posts\/4743\/revisions\/4744"}],"wp:featuredmedia":[{"embeddable":true,"href":"https:\/\/periodicolarepublica.com\/index.php\/wp-json\/wp\/v2\/media\/3567"}],"wp:attachment":[{"href":"https:\/\/periodicolarepublica.com\/index.php\/wp-json\/wp\/v2\/media?parent=4743"}],"wp:term":[{"taxonomy":"category","embeddable":true,"href":"https:\/\/periodicolarepublica.com\/index.php\/wp-json\/wp\/v2\/categories?post=4743"},{"taxonomy":"post_tag","embeddable":true,"href":"https:\/\/periodicolarepublica.com\/index.php\/wp-json\/wp\/v2\/tags?post=4743"}],"curies":[{"name":"wp","href":"https:\/\/api.w.org\/{rel}","templated":true}]}}