{"id":4755,"date":"2026-01-02T10:57:25","date_gmt":"2026-01-02T14:57:25","guid":{"rendered":"https:\/\/periodicolarepublica.com\/?p=4755"},"modified":"2026-01-02T10:57:25","modified_gmt":"2026-01-02T14:57:25","slug":"grandes-expectativas-ante-el-inicio-de-los-vuelos-puerto-plata-panama-con-copa-airlines","status":"publish","type":"post","link":"https:\/\/periodicolarepublica.com\/index.php\/2026\/01\/02\/grandes-expectativas-ante-el-inicio-de-los-vuelos-puerto-plata-panama-con-copa-airlines\/","title":{"rendered":"Grandes expectativas ante el inicio de los vuelos Puerto Plata \u2013 Panam\u00e1 con Copa Airlines"},"content":{"rendered":"<p>El inicio de los vuelos directos entre Puerto Plata y Panam\u00e1, operados por Copa Airlines, desde este 13 de enero 2026, representan un paso trascendental para el fortalecimiento de conectividad a\u00e9rea y el crecimiento sostenido del turismo en el destino Puerto Plata.<\/p>\n<p>Birgitt Heinsen, representante de Ocean World y presidente del Cl\u00faster Tur\u00edstico del Destino Puerto Plata, bajo su liderazgo, sabemos que esta nueva ruta abrira importantes oportunidades para atraer esos mercados de Centro y Sudam\u00e9rica, diversificar el perfil del visitante y dinamizar la econom\u00eda local, beneficios para hoteles, excursiones, restaurantes y comercios de toda la zona.<\/p>\n<p>Ibelca V\u00e1squez, qui\u00e9n es la gerente regional de Copa Airlines, en varias ocasiones ha resaltado el avance en el pa\u00eds del turismo y con el desarrollo de destinos estrat\u00e9gicos como Puerto Plata, conect\u00e1ndolos con el Hub de las Am\u00e9ricas en Panam\u00e1, desde donde los pasajeros pueden acceder a decenas de destinos internacionales, por lo cu\u00e1l no dudaron en apostar como empresa aeron\u00e1utica l\u00edder en la regi\u00f3n con est\u00e1 conexi\u00f3n.<\/p>\n<p>Se puede decir con esto que Puerto Plata inicia un 2026 muy activo con esa conexi\u00f3n de vuelos muy importantes.<\/p>\n<p>Editorial<\/p>\n<p>M\u00e1ximo Mi\u00f1oso Santoni<\/p>\n<p>Director Medio La Rep\u00fablica<\/p>\n<p><img loading=\"lazy\" decoding=\"async\" class=\"alignnone size-medium wp-image-4756\" src=\"https:\/\/periodicolarepublica.com\/wp-content\/uploads\/2026\/01\/Screenshot_20260102_104947_Instagram-e1767365783365-300x231.jpg\" alt=\"\" width=\"300\" height=\"231\" srcset=\"https:\/\/periodicolarepublica.com\/wp-content\/uploads\/2026\/01\/Screenshot_20260102_104947_Instagram-e1767365783365-300x231.jpg 300w, https:\/\/periodicolarepublica.com\/wp-content\/uploads\/2026\/01\/Screenshot_20260102_104947_Instagram-e1767365783365-768x592.jpg 768w, https:\/\/periodicolarepublica.com\/wp-content\/uploads\/2026\/01\/Screenshot_20260102_104947_Instagram-e1767365783365-150x116.jpg 150w, https:\/\/periodicolarepublica.com\/wp-content\/uploads\/2026\/01\/Screenshot_20260102_104947_Instagram-e1767365783365-600x462.jpg 600w, https:\/\/periodicolarepublica.com\/wp-content\/uploads\/2026\/01\/Screenshot_20260102_104947_Instagram-e1767365783365-696x536.jpg 696w, https:\/\/periodicolarepublica.com\/wp-content\/uploads\/2026\/01\/Screenshot_20260102_104947_Instagram-e1767365783365.jpg 932w\" sizes=\"auto, (max-width: 300px) 100vw, 300px\" \/><\/p>\n<p>&nbsp;<\/p>\n","protected":false},"excerpt":{"rendered":"<p>El inicio de los vuelos directos entre Puerto Plata y Panam\u00e1, operados por Copa Airlines, desde este 13 de enero 2026, representan un paso trascendental para el fortalecimiento de conectividad a\u00e9rea y el crecimiento sostenido del turismo en el destino Puerto Plata. Birgitt Heinsen, representante de Ocean World y presidente del Cl\u00faster Tur\u00edstico del Destino [&hellip;]<\/p>\n","protected":false},"author":1,"featured_media":4756,"comment_status":"open","ping_status":"open","sticky":false,"template":"","format":"standard","meta":{"om_disable_all_campaigns":false,"_monsterinsights_skip_tracking":false,"_monsterinsights_sitenote_active":false,"_monsterinsights_sitenote_note":"","_monsterinsights_sitenote_category":0,"footnotes":""},"categories":[1,20],"tags":[423,68],"class_list":{"0":"post-4755","1":"post","2":"type-post","3":"status-publish","4":"format-standard","5":"has-post-thumbnail","7":"category-nacionales","8":"category-turismo","9":"tag-copa-airlines","10":"tag-puerto-plata"},"aioseo_notices":[],"_links":{"self":[{"href":"https:\/\/periodicolarepublica.com\/index.php\/wp-json\/wp\/v2\/posts\/4755","targetHints":{"allow":["GET"]}}],"collection":[{"href":"https:\/\/periodicolarepublica.com\/index.php\/wp-json\/wp\/v2\/posts"}],"about":[{"href":"https:\/\/periodicolarepublica.com\/index.php\/wp-json\/wp\/v2\/types\/post"}],"author":[{"embeddable":true,"href":"https:\/\/periodicolarepublica.com\/index.php\/wp-json\/wp\/v2\/users\/1"}],"replies":[{"embeddable":true,"href":"https:\/\/periodicolarepublica.com\/index.php\/wp-json\/wp\/v2\/comments?post=4755"}],"version-history":[{"count":1,"href":"https:\/\/periodicolarepublica.com\/index.php\/wp-json\/wp\/v2\/posts\/4755\/revisions"}],"predecessor-version":[{"id":4757,"href":"https:\/\/periodicolarepublica.com\/index.php\/wp-json\/wp\/v2\/posts\/4755\/revisions\/4757"}],"wp:featuredmedia":[{"embeddable":true,"href":"https:\/\/periodicolarepublica.com\/index.php\/wp-json\/wp\/v2\/media\/4756"}],"wp:attachment":[{"href":"https:\/\/periodicolarepublica.com\/index.php\/wp-json\/wp\/v2\/media?parent=4755"}],"wp:term":[{"taxonomy":"category","embeddable":true,"href":"https:\/\/periodicolarepublica.com\/index.php\/wp-json\/wp\/v2\/categories?post=4755"},{"taxonomy":"post_tag","embeddable":true,"href":"https:\/\/periodicolarepublica.com\/index.php\/wp-json\/wp\/v2\/tags?post=4755"}],"curies":[{"name":"wp","href":"https:\/\/api.w.org\/{rel}","templated":true}]}}