{"id":4758,"date":"2026-01-02T11:04:44","date_gmt":"2026-01-02T15:04:44","guid":{"rendered":"https:\/\/periodicolarepublica.com\/?p=4758"},"modified":"2026-01-02T11:04:44","modified_gmt":"2026-01-02T15:04:44","slug":"caesco-anuncia-experiencia-educativa-inmersiva-para-comunicadores-en-madrid","status":"publish","type":"post","link":"https:\/\/periodicolarepublica.com\/index.php\/2026\/01\/02\/caesco-anuncia-experiencia-educativa-inmersiva-para-comunicadores-en-madrid\/","title":{"rendered":"CAESCO anuncia experiencia educativa inmersiva para comunicadores en Madrid"},"content":{"rendered":"<p>El Centro de An\u00e1lisis y Estudio de la Comunicaci\u00f3n (CAESCO) anunci\u00f3 la apertura del programa CAESCO International Media Lab &#8211; Madrid 2026, una experiencia internacional e inmersiva dirigida a periodistas, creadores de contenido, comunicadores y l\u00edderes de opini\u00f3n de la Rep\u00fablica Dominicana que buscan mantenerse a la vanguardia de la transformaci\u00f3n global del ecosistema informativo.<\/p>\n<p>Esta primera edici\u00f3n, que se desarrollar\u00e1 los d\u00edas 19 y 20 de enero de 2026 en Madrid, ofrecer\u00e1 a los participantes un acercamiento directo a medios de comunicaci\u00f3n de referencia, universidades y centros de pensamiento en Espa\u00f1a, as\u00ed como espacios de formaci\u00f3n especializada en innovaci\u00f3n, inteligencia artificial, sostenibilidad medi\u00e1tica y narrativas digitales.<\/p>\n<p>El presidente de CAESCO, Miguel Ota\u00f1ez, se\u00f1al\u00f3 que este programa integra tendencias globales, experiencias reales con medios y profesionales internacionales y herramientas aplicadas al ejercicio profesional contempor\u00e1neo.<\/p>\n<p>\u201cCAESCO International Media Lab propone una vivencia formativa intensa que combina visitas guiadas, masterclass con expertos internacionales y un laboratorio pr\u00e1ctico de verificaci\u00f3n, narrativas y an\u00e1lisis de audiencias, dise\u00f1ado para continuar fortaleciendo las capacidades profesionales de los comunicadores frente a los desaf\u00edos actuales del entorno digital\u201d, indic\u00f3 Ot\u00e1\u00f1ez.<\/p>\n<p>Los interesados en formar parte de este programa deben tener prevista su asistencia a Fitur 2026 y completar el formulario de inscripci\u00f3n que pueden encontrar en el perfil de Instagram de @caescord donde deber\u00e1n adjuntar una carta de motivaci\u00f3n junto con una copia de su c\u00e9dula y pasaporte.<\/p>\n<p><img loading=\"lazy\" decoding=\"async\" class=\"alignnone size-medium wp-image-4759\" src=\"https:\/\/periodicolarepublica.com\/wp-content\/uploads\/2026\/01\/images-7-300x300.jpeg\" alt=\"\" width=\"300\" height=\"300\" srcset=\"https:\/\/periodicolarepublica.com\/wp-content\/uploads\/2026\/01\/images-7-300x300.jpeg 300w, https:\/\/periodicolarepublica.com\/wp-content\/uploads\/2026\/01\/images-7-150x150.jpeg 150w, https:\/\/periodicolarepublica.com\/wp-content\/uploads\/2026\/01\/images-7.jpeg 447w\" sizes=\"auto, (max-width: 300px) 100vw, 300px\" \/><\/p>\n","protected":false},"excerpt":{"rendered":"<p>El Centro de An\u00e1lisis y Estudio de la Comunicaci\u00f3n (CAESCO) anunci\u00f3 la apertura del programa CAESCO International Media Lab &#8211; Madrid 2026, una experiencia internacional e inmersiva dirigida a periodistas, creadores de contenido, comunicadores y l\u00edderes de opini\u00f3n de la Rep\u00fablica Dominicana que buscan mantenerse a la vanguardia de la transformaci\u00f3n global del ecosistema informativo. [&hellip;]<\/p>\n","protected":false},"author":1,"featured_media":4759,"comment_status":"open","ping_status":"open","sticky":false,"template":"","format":"standard","meta":{"om_disable_all_campaigns":false,"_monsterinsights_skip_tracking":false,"_monsterinsights_sitenote_active":false,"_monsterinsights_sitenote_note":"","_monsterinsights_sitenote_category":0,"footnotes":""},"categories":[1],"tags":[508],"class_list":{"0":"post-4758","1":"post","2":"type-post","3":"status-publish","4":"format-standard","5":"has-post-thumbnail","7":"category-nacionales","8":"tag-caesco"},"aioseo_notices":[],"_links":{"self":[{"href":"https:\/\/periodicolarepublica.com\/index.php\/wp-json\/wp\/v2\/posts\/4758","targetHints":{"allow":["GET"]}}],"collection":[{"href":"https:\/\/periodicolarepublica.com\/index.php\/wp-json\/wp\/v2\/posts"}],"about":[{"href":"https:\/\/periodicolarepublica.com\/index.php\/wp-json\/wp\/v2\/types\/post"}],"author":[{"embeddable":true,"href":"https:\/\/periodicolarepublica.com\/index.php\/wp-json\/wp\/v2\/users\/1"}],"replies":[{"embeddable":true,"href":"https:\/\/periodicolarepublica.com\/index.php\/wp-json\/wp\/v2\/comments?post=4758"}],"version-history":[{"count":1,"href":"https:\/\/periodicolarepublica.com\/index.php\/wp-json\/wp\/v2\/posts\/4758\/revisions"}],"predecessor-version":[{"id":4760,"href":"https:\/\/periodicolarepublica.com\/index.php\/wp-json\/wp\/v2\/posts\/4758\/revisions\/4760"}],"wp:featuredmedia":[{"embeddable":true,"href":"https:\/\/periodicolarepublica.com\/index.php\/wp-json\/wp\/v2\/media\/4759"}],"wp:attachment":[{"href":"https:\/\/periodicolarepublica.com\/index.php\/wp-json\/wp\/v2\/media?parent=4758"}],"wp:term":[{"taxonomy":"category","embeddable":true,"href":"https:\/\/periodicolarepublica.com\/index.php\/wp-json\/wp\/v2\/categories?post=4758"},{"taxonomy":"post_tag","embeddable":true,"href":"https:\/\/periodicolarepublica.com\/index.php\/wp-json\/wp\/v2\/tags?post=4758"}],"curies":[{"name":"wp","href":"https:\/\/api.w.org\/{rel}","templated":true}]}}