{"id":4762,"date":"2026-01-02T15:16:10","date_gmt":"2026-01-02T19:16:10","guid":{"rendered":"https:\/\/periodicolarepublica.com\/?p=4762"},"modified":"2026-01-02T15:16:10","modified_gmt":"2026-01-02T19:16:10","slug":"edeeste-fortalece-la-seguridad-ciudadana-con-la-puesta-en-servicio-de-mas-de-19900-luminarias-durante-2025","status":"publish","type":"post","link":"https:\/\/periodicolarepublica.com\/index.php\/2026\/01\/02\/edeeste-fortalece-la-seguridad-ciudadana-con-la-puesta-en-servicio-de-mas-de-19900-luminarias-durante-2025\/","title":{"rendered":"*EDEESTE fortalece la seguridad ciudadana con la puesta en servicio de m\u00e1s de 19,900 luminarias durante 2025*"},"content":{"rendered":"<p>Santo Domingo Este. \u2013 La Empresa Distribuidora de Electricidad del Este (EDEESTE) inform\u00f3 que, durante el per\u00edodo comprendido entre enero y diciembre de 2025, puso en servicio un total de 19,921 luminarias en las distintas zonas de su \u00e1rea de concesi\u00f3n, como parte de su compromiso con el fortalecimiento de la seguridad ciudadana, la movilidad nocturna y la calidad de vida de las comunidades.<\/p>\n<p>&nbsp;<\/p>\n<p>Del total de luminarias puestas en funcionamiento, 5,562corresponden a nuevas instalaciones, ampliando la cobertura del alumbrado p\u00fablico en sectores estrat\u00e9gicos; 4,491 fueron luminarias sustituidas,<\/p>\n<p>reemplazando equipos obsoletos por tecnolog\u00eda m\u00e1s eficiente; y 3,254 luminarias fueron normalizadas, garantizando su correcto funcionamiento tras procesos de reparaci\u00f3n y adecuaci\u00f3n t\u00e9cnica. Asimismo, 3,278 luminarias sobreencendidas<\/p>\n<p>fueron regularizadas, contribuyendo a una gesti\u00f3n m\u00e1s eficiente del sistema y al uso responsable de la energ\u00eda. Para la ejecuci\u00f3n de estos trabajos, EDEESTE realiz\u00f3 una inversi\u00f3n total superior a RD$152 millones, recursos destinados a la mejora,<\/p>\n<p>modernizaci\u00f3n y expansi\u00f3n del sistema de alumbrado p\u00fablico en provincias y<\/p>\n<p>municipios del Distrito Nacional, Santo Domingo Este, Santo Domingo Norte, San<\/p>\n<p>Pedro de Macor\u00eds, La Romana, La Altagracia, Monte Plata, Hato Mayor, El Seibo,<\/p>\n<p>Boca Chica y Guayacanes, entre otros.<\/p>\n<p>&nbsp;<\/p>\n<p>La empresa destac\u00f3 que estas acciones impactan directamente en la<\/p>\n<p>reducci\u00f3n de hechos delictivos, el aumento de la percepci\u00f3n de seguridad y la<\/p>\n<p>dinamizaci\u00f3n de la actividad social y comercial en horarios nocturnos,<\/p>\n<p>especialmente en calles, avenidas, parques y espacios comunitarios.<\/p>\n<p>&nbsp;<\/p>\n<p>\u201cCada luminaria encendida representa un entorno m\u00e1s seguro para las<\/p>\n<p>familias, los estudiantes, los trabajadores y los comerciantes. En EDEESTE<\/p>\n<p>asumimos el alumbrado p\u00fablico como una herramienta clave para la seguridad<\/p>\n<p>ciudadana y el desarrollo sostenible de nuestras comunidades\u201d, indic\u00f3 la<\/p>\n<p>empresa.<\/p>\n<p>&nbsp;<\/p>\n<p>EDEESTE reiter\u00f3 su compromiso de continuar fortaleciendo el sistema<\/p>\n<p>de iluminaci\u00f3n p\u00fablica, priorizando las zonas de mayor impacto social y<\/p>\n<p>manteniendo una coordinaci\u00f3n permanente con las autoridades locales y<\/p>\n<p>comunitarias, en l\u00ednea con su misi\u00f3n de ofrecer un servicio el\u00e9ctrico m\u00e1s<\/p>\n<p>eficiente, confiable y orientado al bienestar de la ciudadan\u00eda <img loading=\"lazy\" decoding=\"async\" class=\"alignnone size-medium wp-image-4763\" src=\"https:\/\/periodicolarepublica.com\/wp-content\/uploads\/2026\/01\/IMG-20260102-WA0201-300x169.jpg\" alt=\"\" width=\"300\" height=\"169\" srcset=\"https:\/\/periodicolarepublica.com\/wp-content\/uploads\/2026\/01\/IMG-20260102-WA0201-300x169.jpg?v=1767381355 300w, https:\/\/periodicolarepublica.com\/wp-content\/uploads\/2026\/01\/IMG-20260102-WA0201-1024x576.jpg?v=1767381355 1024w, https:\/\/periodicolarepublica.com\/wp-content\/uploads\/2026\/01\/IMG-20260102-WA0201-768x432.jpg?v=1767381355 768w, https:\/\/periodicolarepublica.com\/wp-content\/uploads\/2026\/01\/IMG-20260102-WA0201-1536x864.jpg?v=1767381355 1536w, https:\/\/periodicolarepublica.com\/wp-content\/uploads\/2026\/01\/IMG-20260102-WA0201-150x84.jpg?v=1767381355 150w, https:\/\/periodicolarepublica.com\/wp-content\/uploads\/2026\/01\/IMG-20260102-WA0201-600x337.jpg?v=1767381355 600w, https:\/\/periodicolarepublica.com\/wp-content\/uploads\/2026\/01\/IMG-20260102-WA0201-696x391.jpg?v=1767381355 696w, https:\/\/periodicolarepublica.com\/wp-content\/uploads\/2026\/01\/IMG-20260102-WA0201-1392x783.jpg?v=1767381355 1392w, https:\/\/periodicolarepublica.com\/wp-content\/uploads\/2026\/01\/IMG-20260102-WA0201-1068x600.jpg?v=1767381355 1068w, https:\/\/periodicolarepublica.com\/wp-content\/uploads\/2026\/01\/IMG-20260102-WA0201.jpg?v=1767381355 1599w\" sizes=\"auto, (max-width: 300px) 100vw, 300px\" \/><\/p>\n","protected":false},"excerpt":{"rendered":"<p>Santo Domingo Este. \u2013 La Empresa Distribuidora de Electricidad del Este (EDEESTE) inform\u00f3 que, durante el per\u00edodo comprendido entre enero y diciembre de 2025, puso en servicio un total de 19,921 luminarias en las distintas zonas de su \u00e1rea de concesi\u00f3n, como parte de su compromiso con el fortalecimiento de la seguridad ciudadana, la movilidad [&hellip;]<\/p>\n","protected":false},"author":10,"featured_media":4763,"comment_status":"open","ping_status":"open","sticky":false,"template":"","format":"standard","meta":{"om_disable_all_campaigns":false,"_monsterinsights_skip_tracking":false,"_monsterinsights_sitenote_active":false,"_monsterinsights_sitenote_note":"","_monsterinsights_sitenote_category":0,"footnotes":""},"categories":[1],"tags":[],"class_list":{"0":"post-4762","1":"post","2":"type-post","3":"status-publish","4":"format-standard","5":"has-post-thumbnail","7":"category-nacionales"},"aioseo_notices":[],"_links":{"self":[{"href":"https:\/\/periodicolarepublica.com\/index.php\/wp-json\/wp\/v2\/posts\/4762","targetHints":{"allow":["GET"]}}],"collection":[{"href":"https:\/\/periodicolarepublica.com\/index.php\/wp-json\/wp\/v2\/posts"}],"about":[{"href":"https:\/\/periodicolarepublica.com\/index.php\/wp-json\/wp\/v2\/types\/post"}],"author":[{"embeddable":true,"href":"https:\/\/periodicolarepublica.com\/index.php\/wp-json\/wp\/v2\/users\/10"}],"replies":[{"embeddable":true,"href":"https:\/\/periodicolarepublica.com\/index.php\/wp-json\/wp\/v2\/comments?post=4762"}],"version-history":[{"count":1,"href":"https:\/\/periodicolarepublica.com\/index.php\/wp-json\/wp\/v2\/posts\/4762\/revisions"}],"predecessor-version":[{"id":4764,"href":"https:\/\/periodicolarepublica.com\/index.php\/wp-json\/wp\/v2\/posts\/4762\/revisions\/4764"}],"wp:featuredmedia":[{"embeddable":true,"href":"https:\/\/periodicolarepublica.com\/index.php\/wp-json\/wp\/v2\/media\/4763"}],"wp:attachment":[{"href":"https:\/\/periodicolarepublica.com\/index.php\/wp-json\/wp\/v2\/media?parent=4762"}],"wp:term":[{"taxonomy":"category","embeddable":true,"href":"https:\/\/periodicolarepublica.com\/index.php\/wp-json\/wp\/v2\/categories?post=4762"},{"taxonomy":"post_tag","embeddable":true,"href":"https:\/\/periodicolarepublica.com\/index.php\/wp-json\/wp\/v2\/tags?post=4762"}],"curies":[{"name":"wp","href":"https:\/\/api.w.org\/{rel}","templated":true}]}}