{"id":4767,"date":"2026-01-02T17:29:53","date_gmt":"2026-01-02T21:29:53","guid":{"rendered":"https:\/\/periodicolarepublica.com\/?p=4767"},"modified":"2026-01-02T17:29:53","modified_gmt":"2026-01-02T21:29:53","slug":"tomas-hernandez-asegura-que-el-presidente-luis-abinader-seguira-llevando-al-pais-hacia-grandes-conquistas-en-2026","status":"publish","type":"post","link":"https:\/\/periodicolarepublica.com\/index.php\/2026\/01\/02\/tomas-hernandez-asegura-que-el-presidente-luis-abinader-seguira-llevando-al-pais-hacia-grandes-conquistas-en-2026\/","title":{"rendered":"Tom\u00e1s Hern\u00e1ndez asegura que el presidente Luis Abinader seguir\u00e1 llevando al pa\u00eds hacia grandes conquistas en 2026"},"content":{"rendered":"<p>Santo Domingo.\u2013 El dirigente pol\u00edtico Tom\u00e1s Hern\u00e1ndez Alberto, miembro destacado del Partido Revolucionario Moderno (PRM), asegur\u00f3 que el a\u00f1o 2026 ser\u00e1 un per\u00edodo extraordinario de desarrollo y consolidaci\u00f3n de grandes obras para la Rep\u00fablica Dominicana, bajo el liderazgo del presidente Luis Abinader.<\/p>\n<p>&nbsp;<\/p>\n<p>Hern\u00e1ndez Alberto expres\u00f3 que durante el 2026 el mandatario continuar\u00e1 inaugurando obras de alto impacto social y econ\u00f3mico, entre las que cit\u00f3 la extensi\u00f3n del Metro de Santo Domingo hacia Los Alcarrizos, el Monorriel de Santiago, el t\u00fanel y la transformaci\u00f3n vial del entorno de la Plaza de la Bandera, as\u00ed como numerosos proyectos de infraestructura y asfaltado en todo el territorio nacional.<\/p>\n<p>&nbsp;<\/p>\n<p>\u201cEl presidente Luis Abinader est\u00e1 cumpliendo con hechos. Cada obra entregada confirma su compromiso con el desarrollo, la movilidad, el crecimiento econ\u00f3mico y la mejora de la calidad de vida de los dominicanos\u201d, afirm\u00f3.<\/p>\n<p>&nbsp;<\/p>\n<p>El dirigente del PRM destac\u00f3 que estas inversiones forman parte de una visi\u00f3n de Estado a largo plazo, alineada con los objetivos de desarrollo que el pa\u00eds se ha trazado rumbo al a\u00f1o 2036, enfocados en modernizar la infraestructura, fortalecer la econom\u00eda y garantizar oportunidades para todos los ciudadanos.<\/p>\n<p>&nbsp;<\/p>\n<p>Finalmente, Tom\u00e1s Hern\u00e1ndez Alberto reafirm\u00f3 su respaldo a la gesti\u00f3n del presidente Abinader, se\u00f1alando que \u201cel pa\u00eds avanza por el camino correcto, con planificaci\u00f3n, transparencia y obras que impactan directamente en la gente\u201d.<img loading=\"lazy\" decoding=\"async\" class=\"size-medium wp-image-4155 alignright\" src=\"https:\/\/periodicolarepublica.com\/wp-content\/uploads\/2025\/10\/IMG_20251010_215446-300x278.jpg\" alt=\"\" width=\"300\" height=\"278\" srcset=\"https:\/\/periodicolarepublica.com\/wp-content\/uploads\/2025\/10\/IMG_20251010_215446-300x278.jpg?v=1760148297 300w, https:\/\/periodicolarepublica.com\/wp-content\/uploads\/2025\/10\/IMG_20251010_215446-1024x948.jpg?v=1760148297 1024w, https:\/\/periodicolarepublica.com\/wp-content\/uploads\/2025\/10\/IMG_20251010_215446-768x711.jpg?v=1760148297 768w, https:\/\/periodicolarepublica.com\/wp-content\/uploads\/2025\/10\/IMG_20251010_215446-1536x1423.jpg?v=1760148297 1536w, https:\/\/periodicolarepublica.com\/wp-content\/uploads\/2025\/10\/IMG_20251010_215446-2048x1897.jpg?v=1760148297 2048w, https:\/\/periodicolarepublica.com\/wp-content\/uploads\/2025\/10\/IMG_20251010_215446-150x139.jpg?v=1760148297 150w, https:\/\/periodicolarepublica.com\/wp-content\/uploads\/2025\/10\/IMG_20251010_215446-600x556.jpg?v=1760148297 600w, https:\/\/periodicolarepublica.com\/wp-content\/uploads\/2025\/10\/IMG_20251010_215446-696x645.jpg?v=1760148297 696w, https:\/\/periodicolarepublica.com\/wp-content\/uploads\/2025\/10\/IMG_20251010_215446-1392x1289.jpg?v=1760148297 1392w, https:\/\/periodicolarepublica.com\/wp-content\/uploads\/2025\/10\/IMG_20251010_215446-1068x989.jpg?v=1760148297 1068w, https:\/\/periodicolarepublica.com\/wp-content\/uploads\/2025\/10\/IMG_20251010_215446-1920x1778.jpg?v=1760148297 1920w\" sizes=\"auto, (max-width: 300px) 100vw, 300px\" \/><\/p>\n","protected":false},"excerpt":{"rendered":"<p>Santo Domingo.\u2013 El dirigente pol\u00edtico Tom\u00e1s Hern\u00e1ndez Alberto, miembro destacado del Partido Revolucionario Moderno (PRM), asegur\u00f3 que el a\u00f1o 2026 ser\u00e1 un per\u00edodo extraordinario de desarrollo y consolidaci\u00f3n de grandes obras para la Rep\u00fablica Dominicana, bajo el liderazgo del presidente Luis Abinader. &nbsp; Hern\u00e1ndez Alberto expres\u00f3 que durante el 2026 el mandatario continuar\u00e1 inaugurando obras [&hellip;]<\/p>\n","protected":false},"author":10,"featured_media":4155,"comment_status":"open","ping_status":"open","sticky":false,"template":"","format":"standard","meta":{"om_disable_all_campaigns":false,"_monsterinsights_skip_tracking":false,"_monsterinsights_sitenote_active":false,"_monsterinsights_sitenote_note":"","_monsterinsights_sitenote_category":0,"footnotes":""},"categories":[1],"tags":[163],"class_list":{"0":"post-4767","1":"post","2":"type-post","3":"status-publish","4":"format-standard","5":"has-post-thumbnail","7":"category-nacionales","8":"tag-tomas-hernandez-alberto"},"aioseo_notices":[],"_links":{"self":[{"href":"https:\/\/periodicolarepublica.com\/index.php\/wp-json\/wp\/v2\/posts\/4767","targetHints":{"allow":["GET"]}}],"collection":[{"href":"https:\/\/periodicolarepublica.com\/index.php\/wp-json\/wp\/v2\/posts"}],"about":[{"href":"https:\/\/periodicolarepublica.com\/index.php\/wp-json\/wp\/v2\/types\/post"}],"author":[{"embeddable":true,"href":"https:\/\/periodicolarepublica.com\/index.php\/wp-json\/wp\/v2\/users\/10"}],"replies":[{"embeddable":true,"href":"https:\/\/periodicolarepublica.com\/index.php\/wp-json\/wp\/v2\/comments?post=4767"}],"version-history":[{"count":1,"href":"https:\/\/periodicolarepublica.com\/index.php\/wp-json\/wp\/v2\/posts\/4767\/revisions"}],"predecessor-version":[{"id":4768,"href":"https:\/\/periodicolarepublica.com\/index.php\/wp-json\/wp\/v2\/posts\/4767\/revisions\/4768"}],"wp:featuredmedia":[{"embeddable":true,"href":"https:\/\/periodicolarepublica.com\/index.php\/wp-json\/wp\/v2\/media\/4155"}],"wp:attachment":[{"href":"https:\/\/periodicolarepublica.com\/index.php\/wp-json\/wp\/v2\/media?parent=4767"}],"wp:term":[{"taxonomy":"category","embeddable":true,"href":"https:\/\/periodicolarepublica.com\/index.php\/wp-json\/wp\/v2\/categories?post=4767"},{"taxonomy":"post_tag","embeddable":true,"href":"https:\/\/periodicolarepublica.com\/index.php\/wp-json\/wp\/v2\/tags?post=4767"}],"curies":[{"name":"wp","href":"https:\/\/api.w.org\/{rel}","templated":true}]}}