{"id":4769,"date":"2026-01-03T21:26:39","date_gmt":"2026-01-04T01:26:39","guid":{"rendered":"https:\/\/periodicolarepublica.com\/?p=4769"},"modified":"2026-01-03T21:26:39","modified_gmt":"2026-01-04T01:26:39","slug":"fundacion-vocanis-lleva-alegria-amor-y-esperanza-a-ninos-del-hospital-infantil-dr-robert-reid-cabral","status":"publish","type":"post","link":"https:\/\/periodicolarepublica.com\/index.php\/2026\/01\/03\/fundacion-vocanis-lleva-alegria-amor-y-esperanza-a-ninos-del-hospital-infantil-dr-robert-reid-cabral\/","title":{"rendered":"Fundaci\u00f3n Vocanis lleva alegr\u00eda, amor y esperanza a ni\u00f1os del Hospital Infantil Dr. Robert Reid Cabral"},"content":{"rendered":"<p>Santo Domingo, R.D. \u2013 Con sonrisas, abrazos y juguetes, la Fundaci\u00f3n Vocanis realiz\u00f3 una emotiva jornada solidaria en el Hospital Infantil Dr. Robert Reid Cabral, llevando alegr\u00eda y esperanza a ni\u00f1os y ni\u00f1as que se encuentran ingresados recibiendo atenciones m\u00e9dicas.<\/p>\n<p>&nbsp;<\/p>\n<p>La actividad fue encabezada por la presidenta de la fundaci\u00f3n, Reyanna J\u00e1quez, quien comparti\u00f3 de manera cercana con los peque\u00f1os pacientes y sus familiares, reafirmando que la solidaridad se demuestra con hechos y presencia humana.<\/p>\n<p>&nbsp;<\/p>\n<p>\u201cEsta actividad es un gesto de paz, alegr\u00eda y amor para estos ni\u00f1os y ni\u00f1as que hoy atraviesan una situaci\u00f3n de salud. Queremos que sientan que no est\u00e1n solos, que hay manos amigas que los acompa\u00f1an. Para nosotros, esto es el verdadero amor al pr\u00f3jimo\u201d, expres\u00f3 J\u00e1quez.<\/p>\n<p>&nbsp;<\/p>\n<p>Reyanna J\u00e1quez, estudiante de medicina, destac\u00f3 que su vocaci\u00f3n social nace del deseo genuino de servir y ayudar a quienes m\u00e1s lo necesitan, una misi\u00f3n que ha decidido canalizar a trav\u00e9s de la Fundaci\u00f3n Vocanis.<\/p>\n<p>&nbsp;<\/p>\n<p>\u201cSiempre me ha apasionado la labor social. Eleg\u00ed la medicina para ayudar y servir, y desde nuestra fundaci\u00f3n seguiremos llevando apoyo, esperanza y ayuda a cada rinc\u00f3n donde sea necesario\u201d, afirm\u00f3.<\/p>\n<p>&nbsp;<\/p>\n<p>Padres, familiares y personal del centro valoraron positivamente la iniciativa, resaltando el impacto emocional que este tipo de acciones genera en los ni\u00f1os, demostrando que un gesto de cari\u00f1o tambi\u00e9n forma parte del proceso de sanaci\u00f3n.<\/p>\n<p>&nbsp;<\/p>\n<p>La Fundaci\u00f3n Vocanis reafirm\u00f3 su compromiso de continuar desarrollando jornadas solidarias en favor de la ni\u00f1ez y de los sectores m\u00e1s vulnerables del pa\u00eds, promoviendo valores de solidaridad, empat\u00eda y cercan\u00eda humana.<img loading=\"lazy\" decoding=\"async\" class=\"size-medium wp-image-4770 alignright\" src=\"https:\/\/periodicolarepublica.com\/wp-content\/uploads\/2026\/01\/IMG_20260103_212242-300x225.jpg\" alt=\"\" width=\"300\" height=\"225\" srcset=\"https:\/\/periodicolarepublica.com\/wp-content\/uploads\/2026\/01\/IMG_20260103_212242-300x225.jpg?v=1767489981 300w, https:\/\/periodicolarepublica.com\/wp-content\/uploads\/2026\/01\/IMG_20260103_212242-1024x768.jpg?v=1767489981 1024w, https:\/\/periodicolarepublica.com\/wp-content\/uploads\/2026\/01\/IMG_20260103_212242-768x576.jpg?v=1767489981 768w, https:\/\/periodicolarepublica.com\/wp-content\/uploads\/2026\/01\/IMG_20260103_212242-1536x1152.jpg?v=1767489981 1536w, https:\/\/periodicolarepublica.com\/wp-content\/uploads\/2026\/01\/IMG_20260103_212242-150x113.jpg?v=1767489981 150w, https:\/\/periodicolarepublica.com\/wp-content\/uploads\/2026\/01\/IMG_20260103_212242-600x450.jpg?v=1767489981 600w, https:\/\/periodicolarepublica.com\/wp-content\/uploads\/2026\/01\/IMG_20260103_212242-696x522.jpg?v=1767489981 696w, https:\/\/periodicolarepublica.com\/wp-content\/uploads\/2026\/01\/IMG_20260103_212242-1392x1044.jpg?v=1767489981 1392w, https:\/\/periodicolarepublica.com\/wp-content\/uploads\/2026\/01\/IMG_20260103_212242-1068x801.jpg?v=1767489981 1068w, https:\/\/periodicolarepublica.com\/wp-content\/uploads\/2026\/01\/IMG_20260103_212242-265x198.jpg?v=1767489981 265w, https:\/\/periodicolarepublica.com\/wp-content\/uploads\/2026\/01\/IMG_20260103_212242-530x396.jpg?v=1767489981 530w, https:\/\/periodicolarepublica.com\/wp-content\/uploads\/2026\/01\/IMG_20260103_212242.jpg?v=1767489981 1600w\" sizes=\"auto, (max-width: 300px) 100vw, 300px\" \/><\/p>\n","protected":false},"excerpt":{"rendered":"<p>Santo Domingo, R.D. \u2013 Con sonrisas, abrazos y juguetes, la Fundaci\u00f3n Vocanis realiz\u00f3 una emotiva jornada solidaria en el Hospital Infantil Dr. Robert Reid Cabral, llevando alegr\u00eda y esperanza a ni\u00f1os y ni\u00f1as que se encuentran ingresados recibiendo atenciones m\u00e9dicas. &nbsp; La actividad fue encabezada por la presidenta de la fundaci\u00f3n, Reyanna J\u00e1quez, quien comparti\u00f3 [&hellip;]<\/p>\n","protected":false},"author":10,"featured_media":4770,"comment_status":"open","ping_status":"open","sticky":false,"template":"","format":"standard","meta":{"om_disable_all_campaigns":false,"_monsterinsights_skip_tracking":false,"_monsterinsights_sitenote_active":false,"_monsterinsights_sitenote_note":"","_monsterinsights_sitenote_category":0,"footnotes":""},"categories":[1],"tags":[],"class_list":{"0":"post-4769","1":"post","2":"type-post","3":"status-publish","4":"format-standard","5":"has-post-thumbnail","7":"category-nacionales"},"aioseo_notices":[],"_links":{"self":[{"href":"https:\/\/periodicolarepublica.com\/index.php\/wp-json\/wp\/v2\/posts\/4769","targetHints":{"allow":["GET"]}}],"collection":[{"href":"https:\/\/periodicolarepublica.com\/index.php\/wp-json\/wp\/v2\/posts"}],"about":[{"href":"https:\/\/periodicolarepublica.com\/index.php\/wp-json\/wp\/v2\/types\/post"}],"author":[{"embeddable":true,"href":"https:\/\/periodicolarepublica.com\/index.php\/wp-json\/wp\/v2\/users\/10"}],"replies":[{"embeddable":true,"href":"https:\/\/periodicolarepublica.com\/index.php\/wp-json\/wp\/v2\/comments?post=4769"}],"version-history":[{"count":1,"href":"https:\/\/periodicolarepublica.com\/index.php\/wp-json\/wp\/v2\/posts\/4769\/revisions"}],"predecessor-version":[{"id":4771,"href":"https:\/\/periodicolarepublica.com\/index.php\/wp-json\/wp\/v2\/posts\/4769\/revisions\/4771"}],"wp:featuredmedia":[{"embeddable":true,"href":"https:\/\/periodicolarepublica.com\/index.php\/wp-json\/wp\/v2\/media\/4770"}],"wp:attachment":[{"href":"https:\/\/periodicolarepublica.com\/index.php\/wp-json\/wp\/v2\/media?parent=4769"}],"wp:term":[{"taxonomy":"category","embeddable":true,"href":"https:\/\/periodicolarepublica.com\/index.php\/wp-json\/wp\/v2\/categories?post=4769"},{"taxonomy":"post_tag","embeddable":true,"href":"https:\/\/periodicolarepublica.com\/index.php\/wp-json\/wp\/v2\/tags?post=4769"}],"curies":[{"name":"wp","href":"https:\/\/api.w.org\/{rel}","templated":true}]}}