{"id":477,"date":"2024-03-13T15:54:52","date_gmt":"2024-03-13T14:54:52","guid":{"rendered":"https:\/\/periodicolarepublica.com\/?p=477"},"modified":"2024-03-13T16:00:10","modified_gmt":"2024-03-13T15:00:10","slug":"respuestas-al-caos-de-la-movilidad","status":"publish","type":"post","link":"https:\/\/periodicolarepublica.com\/index.php\/2024\/03\/13\/respuestas-al-caos-de-la-movilidad\/","title":{"rendered":"Respuestas al caos de la movilidad"},"content":{"rendered":"<p style=\"text-align: left;\"><img loading=\"lazy\" decoding=\"async\" class=\"alignnone size-medium wp-image-478\" src=\"https:\/\/periodicolarepublica.com\/wp-content\/uploads\/2024\/03\/Picsart_24-03-13_10-49-41-024-300x150.jpg\" alt=\"\" width=\"300\" height=\"150\" srcset=\"https:\/\/periodicolarepublica.com\/wp-content\/uploads\/2024\/03\/Picsart_24-03-13_10-49-41-024-300x150.jpg?v=1715379809 300w, https:\/\/periodicolarepublica.com\/wp-content\/uploads\/2024\/03\/Picsart_24-03-13_10-49-41-024-1024x512.jpg?v=1715379809 1024w, https:\/\/periodicolarepublica.com\/wp-content\/uploads\/2024\/03\/Picsart_24-03-13_10-49-41-024-768x384.jpg?v=1715379809 768w, https:\/\/periodicolarepublica.com\/wp-content\/uploads\/2024\/03\/Picsart_24-03-13_10-49-41-024-1536x768.jpg?v=1715379809 1536w, https:\/\/periodicolarepublica.com\/wp-content\/uploads\/2024\/03\/Picsart_24-03-13_10-49-41-024-2048x1024.jpg?v=1715379809 2048w, https:\/\/periodicolarepublica.com\/wp-content\/uploads\/2024\/03\/Picsart_24-03-13_10-49-41-024-150x75.jpg?v=1715379809 150w, https:\/\/periodicolarepublica.com\/wp-content\/uploads\/2024\/03\/Picsart_24-03-13_10-49-41-024-600x300.jpg?v=1715379809 600w, https:\/\/periodicolarepublica.com\/wp-content\/uploads\/2024\/03\/Picsart_24-03-13_10-49-41-024-696x348.jpg?v=1715379809 696w, https:\/\/periodicolarepublica.com\/wp-content\/uploads\/2024\/03\/Picsart_24-03-13_10-49-41-024-1392x696.jpg?v=1715379809 1392w, https:\/\/periodicolarepublica.com\/wp-content\/uploads\/2024\/03\/Picsart_24-03-13_10-49-41-024-1068x534.jpg?v=1715379809 1068w, https:\/\/periodicolarepublica.com\/wp-content\/uploads\/2024\/03\/Picsart_24-03-13_10-49-41-024-1920x960.jpg?v=1715379809 1920w\" sizes=\"auto, (max-width: 300px) 100vw, 300px\" \/><\/p>\n<blockquote>\n<p style=\"text-align: left;\">La crisis actual en el sistema de movilidad urbana de la Rep\u00fablica Dominicana se encuentra en uno de los niveles m\u00e1s cr\u00edticos de su historia ante la ausencia de respuestas efectivas como resultado del nuevo escenario urbano, caracterizado por el incremento del parque vehicular, el aumento de los desplazamientos interurbanos y la deficiencia del servicio de transporte colectivo.<\/p>\n<p style=\"text-align: left;\">Luego de aprobada la Ley No. 63-17 de Movilidad, Transporte Terrestre, Tr\u00e1nsito y Seguridad Vial de la Rep\u00fablica Dominicana, se puso fin a d\u00e9cadas de espera para transformar el marco legal e institucional que requer\u00eda el pa\u00eds; sin embargo, a\u00fan persisten retos y desaf\u00edos para adecuar la operatividad del sistema a lo previsto en el marco legal aprobado. Ante este escenario desolador que trastorna la cotidianidad, presento tres (3) acciones troncales como respuesta a los cambios que se necesitan para mejorar este caos:<\/p>\n<p style=\"text-align: left;\">La primera acci\u00f3n es posicionar el INTRANT como \u00f3rgano nacional rector del sistema de movilidad, transporte terrestre, tr\u00e1nsito y seguridad vial de la Rep\u00fablica Dominicana; con el fin de convertirla en una entidad que planifique, coordine e implemente las tareas necesarias que mejoren el caos vigente junto a los actores p\u00fablicos y privados que inciden en el sector; asumiendo el liderazgo del sector para que todas las acciones respondan a una visi\u00f3n integral emanada desde el gobierno.<\/p>\n<p style=\"text-align: left;\">La segunda acci\u00f3n es completar el registro municipal de motocicletas a nivel nacional; un proceso que requiere ser impulsado por el INTRANT en coordinaci\u00f3n con los ayuntamientos (Art. 76, Ley 63-17), para contar con informaci\u00f3n actualizada del universo existente en la Rep\u00fablica Dominicana que permita regular el sector y dise\u00f1ar pol\u00edticas p\u00fablicas ajustadas a la realidad actual.<\/p>\n<p style=\"text-align: left;\">La tercera acci\u00f3n es fomentar la articulaci\u00f3n modal y tarifaria entre los operadores del sistema de transporte colectivo; lo cual contribuir\u00e1 en ampliar el alcance del sistema de integrado de transporte ofertando un mayor n\u00famero de alternativas al usuario del sistema, reduciendo el costo y fomentando el uso de los medios p\u00fablicos de transporte, para incidir en la reducci\u00f3n del uso de los medios privados.<\/p>\n<p style=\"text-align: left;\">Estas acciones troncales ameritan de respuestas particulares para el Gran Santo Domingo y la zona metropolitana de Santiago, a trav\u00e9s de un Plan de emergencia sustentado en cuatro (4) componentes: i) aumento de la densidad al centro de las zonas metropolitanas, con el objetivo de incrementar la cantidad habitantes en el territorio y as\u00ed fomentar el uso del transporte colectivo, este aumento de la densidad garantizara el flujo de personas requerido para fomentar los desplazamientos colectivos; ii) completar la malla de transporte colectivo, para que el usuario tenga opciones diversas conectadas, que le permita desplazarse por toda la ciudad sin necesidad de recurrir al veh\u00edculo privado; iii) construir la red de intercambiadores, localizados en los principales accesos a las zonas metropolitanas, para integrar en un solo espacio las distintas modalidades de transporte, reduciendo as\u00ed la cantidad de unidades de transporte colectivo que se desplazan a lo interno de las ciudades y iv) localizar los peajes en la entradas de las ciudades, para penalizar el acceso a la ciudad, reduciendo el n\u00famero de unidades que accesa a la misma y a la vez liberar la circulaci\u00f3n que rodea las zonas metropolitanas, para que los desplazamiento interurbanos no circulen a lo interno de las ciudades.<\/p>\n<p style=\"text-align: left;\">Sin lugar a dudas que el momento critico<\/p>\n<p style=\"text-align: left;\">El momento cr\u00edtico en el cual nos encontramos amerita de respuestas para enfrentar y a la vez solucionar de manera definitiva este problema hist\u00f3rico; con el fin de apacentar la bestia que se ha consolidado por d\u00e9cadas, consumiendo las energ\u00edas de la ciudadan\u00eda y destruyendo las posibilidades de construir mejores espacios para vivir.<\/p>\n<p style=\"text-align: left;\">Erick Dorrejo \/ @erickdorrejo<\/p>\n<\/blockquote>\n","protected":false},"excerpt":{"rendered":"<p>La crisis actual en el sistema de movilidad urbana de la Rep\u00fablica Dominicana se encuentra en uno de los niveles m\u00e1s cr\u00edticos de su historia ante la ausencia de respuestas efectivas como resultado del nuevo escenario urbano, caracterizado por el incremento del parque vehicular, el aumento de los desplazamientos interurbanos y la deficiencia del servicio [&hellip;]<\/p>\n","protected":false},"author":6,"featured_media":478,"comment_status":"open","ping_status":"open","sticky":false,"template":"","format":"standard","meta":{"om_disable_all_campaigns":false,"_monsterinsights_skip_tracking":false,"_monsterinsights_sitenote_active":false,"_monsterinsights_sitenote_note":"","_monsterinsights_sitenote_category":0,"footnotes":""},"categories":[1],"tags":[],"class_list":{"0":"post-477","1":"post","2":"type-post","3":"status-publish","4":"format-standard","5":"has-post-thumbnail","7":"category-nacionales"},"aioseo_notices":[],"_links":{"self":[{"href":"https:\/\/periodicolarepublica.com\/index.php\/wp-json\/wp\/v2\/posts\/477","targetHints":{"allow":["GET"]}}],"collection":[{"href":"https:\/\/periodicolarepublica.com\/index.php\/wp-json\/wp\/v2\/posts"}],"about":[{"href":"https:\/\/periodicolarepublica.com\/index.php\/wp-json\/wp\/v2\/types\/post"}],"author":[{"embeddable":true,"href":"https:\/\/periodicolarepublica.com\/index.php\/wp-json\/wp\/v2\/users\/6"}],"replies":[{"embeddable":true,"href":"https:\/\/periodicolarepublica.com\/index.php\/wp-json\/wp\/v2\/comments?post=477"}],"version-history":[{"count":2,"href":"https:\/\/periodicolarepublica.com\/index.php\/wp-json\/wp\/v2\/posts\/477\/revisions"}],"predecessor-version":[{"id":481,"href":"https:\/\/periodicolarepublica.com\/index.php\/wp-json\/wp\/v2\/posts\/477\/revisions\/481"}],"wp:featuredmedia":[{"embeddable":true,"href":"https:\/\/periodicolarepublica.com\/index.php\/wp-json\/wp\/v2\/media\/478"}],"wp:attachment":[{"href":"https:\/\/periodicolarepublica.com\/index.php\/wp-json\/wp\/v2\/media?parent=477"}],"wp:term":[{"taxonomy":"category","embeddable":true,"href":"https:\/\/periodicolarepublica.com\/index.php\/wp-json\/wp\/v2\/categories?post=477"},{"taxonomy":"post_tag","embeddable":true,"href":"https:\/\/periodicolarepublica.com\/index.php\/wp-json\/wp\/v2\/tags?post=477"}],"curies":[{"name":"wp","href":"https:\/\/api.w.org\/{rel}","templated":true}]}}