{"id":4775,"date":"2026-01-04T00:55:54","date_gmt":"2026-01-04T04:55:54","guid":{"rendered":"https:\/\/periodicolarepublica.com\/?p=4775"},"modified":"2026-01-04T00:55:54","modified_gmt":"2026-01-04T04:55:54","slug":"foro-madrid-reconocera-periodistas-y-comunicadores","status":"publish","type":"post","link":"https:\/\/periodicolarepublica.com\/index.php\/2026\/01\/04\/foro-madrid-reconocera-periodistas-y-comunicadores\/","title":{"rendered":"Foro Madrid reconocer\u00e1 periodistas y comunicadores"},"content":{"rendered":"<p>Madrid.- La Asociaci\u00f3n de Empresarios Hispano-Dominicanos (Foro DoMadrid) llevar\u00e1 a cabo un hito hist\u00f3rico para el periodismo hispano al reconocer la labor de 25 periodistas y comunicadores de Rep\u00fablica Dominicana, Espa\u00f1a e Italia en el marco del Festival Gastron\u00f3mico RD Exquisita, que se celebrar\u00e1 del 17 al 20 de enero de 2026 en Madrid.<\/p>\n<p><img loading=\"lazy\" decoding=\"async\" class=\"alignnone size-medium wp-image-4776\" src=\"https:\/\/periodicolarepublica.com\/wp-content\/uploads\/2026\/01\/IMG-20260103-WA0045-240x300.jpg\" alt=\"\" width=\"240\" height=\"300\" srcset=\"https:\/\/periodicolarepublica.com\/wp-content\/uploads\/2026\/01\/IMG-20260103-WA0045-240x300.jpg 240w, https:\/\/periodicolarepublica.com\/wp-content\/uploads\/2026\/01\/IMG-20260103-WA0045-819x1024.jpg 819w, https:\/\/periodicolarepublica.com\/wp-content\/uploads\/2026\/01\/IMG-20260103-WA0045-768x960.jpg 768w, https:\/\/periodicolarepublica.com\/wp-content\/uploads\/2026\/01\/IMG-20260103-WA0045-150x188.jpg 150w, https:\/\/periodicolarepublica.com\/wp-content\/uploads\/2026\/01\/IMG-20260103-WA0045-300x375.jpg 300w, https:\/\/periodicolarepublica.com\/wp-content\/uploads\/2026\/01\/IMG-20260103-WA0045-600x750.jpg 600w, https:\/\/periodicolarepublica.com\/wp-content\/uploads\/2026\/01\/IMG-20260103-WA0045-696x870.jpg 696w, https:\/\/periodicolarepublica.com\/wp-content\/uploads\/2026\/01\/IMG-20260103-WA0045-1068x1335.jpg 1068w, https:\/\/periodicolarepublica.com\/wp-content\/uploads\/2026\/01\/IMG-20260103-WA0045.jpg 1080w\" sizes=\"auto, (max-width: 240px) 100vw, 240px\" \/><\/p>\n","protected":false},"excerpt":{"rendered":"<p>Madrid.- La Asociaci\u00f3n de Empresarios Hispano-Dominicanos (Foro DoMadrid) llevar\u00e1 a cabo un hito hist\u00f3rico para el periodismo hispano al reconocer la labor de 25 periodistas y comunicadores de Rep\u00fablica Dominicana, Espa\u00f1a e Italia en el marco del Festival Gastron\u00f3mico RD Exquisita, que se celebrar\u00e1 del 17 al 20 de enero de 2026 en Madrid.<\/p>\n","protected":false},"author":6,"featured_media":4776,"comment_status":"open","ping_status":"open","sticky":false,"template":"","format":"standard","meta":{"om_disable_all_campaigns":false,"_monsterinsights_skip_tracking":false,"_monsterinsights_sitenote_active":false,"_monsterinsights_sitenote_note":"","_monsterinsights_sitenote_category":0,"footnotes":""},"categories":[1],"tags":[],"class_list":{"0":"post-4775","1":"post","2":"type-post","3":"status-publish","4":"format-standard","5":"has-post-thumbnail","7":"category-nacionales"},"aioseo_notices":[],"_links":{"self":[{"href":"https:\/\/periodicolarepublica.com\/index.php\/wp-json\/wp\/v2\/posts\/4775","targetHints":{"allow":["GET"]}}],"collection":[{"href":"https:\/\/periodicolarepublica.com\/index.php\/wp-json\/wp\/v2\/posts"}],"about":[{"href":"https:\/\/periodicolarepublica.com\/index.php\/wp-json\/wp\/v2\/types\/post"}],"author":[{"embeddable":true,"href":"https:\/\/periodicolarepublica.com\/index.php\/wp-json\/wp\/v2\/users\/6"}],"replies":[{"embeddable":true,"href":"https:\/\/periodicolarepublica.com\/index.php\/wp-json\/wp\/v2\/comments?post=4775"}],"version-history":[{"count":1,"href":"https:\/\/periodicolarepublica.com\/index.php\/wp-json\/wp\/v2\/posts\/4775\/revisions"}],"predecessor-version":[{"id":4777,"href":"https:\/\/periodicolarepublica.com\/index.php\/wp-json\/wp\/v2\/posts\/4775\/revisions\/4777"}],"wp:featuredmedia":[{"embeddable":true,"href":"https:\/\/periodicolarepublica.com\/index.php\/wp-json\/wp\/v2\/media\/4776"}],"wp:attachment":[{"href":"https:\/\/periodicolarepublica.com\/index.php\/wp-json\/wp\/v2\/media?parent=4775"}],"wp:term":[{"taxonomy":"category","embeddable":true,"href":"https:\/\/periodicolarepublica.com\/index.php\/wp-json\/wp\/v2\/categories?post=4775"},{"taxonomy":"post_tag","embeddable":true,"href":"https:\/\/periodicolarepublica.com\/index.php\/wp-json\/wp\/v2\/tags?post=4775"}],"curies":[{"name":"wp","href":"https:\/\/api.w.org\/{rel}","templated":true}]}}