{"id":4779,"date":"2026-01-04T01:02:27","date_gmt":"2026-01-04T05:02:27","guid":{"rendered":"https:\/\/periodicolarepublica.com\/?p=4779"},"modified":"2026-01-04T01:02:27","modified_gmt":"2026-01-04T05:02:27","slug":"ministerio-de-educacion-recuerda-segundo-periodo-ano-escolar-2025-2026-inicia-este-martes-6-de-enero","status":"publish","type":"post","link":"https:\/\/periodicolarepublica.com\/index.php\/2026\/01\/04\/ministerio-de-educacion-recuerda-segundo-periodo-ano-escolar-2025-2026-inicia-este-martes-6-de-enero\/","title":{"rendered":"Ministerio de Educaci\u00f3n recuerda segundo per\u00edodo a\u00f1o escolar 2025-2026 inicia este martes 6 de enero"},"content":{"rendered":"<p>El Ministerio de Educaci\u00f3n de la Rep\u00fablica Dominicana (Minerd) record\u00f3 a la comunidad educativa que el segundo per\u00edodo de clases del A\u00f1o Escolar 2025-2026 inicia este martes 6 de enero en todos los centros educativos del pa\u00eds, conforme al calendario escolar vigente.<\/p>\n<p>La cartera educativa reiter\u00f3 el llamado a padres, madres y tutores a garantizar la asistencia y puntualidad de los estudiantes del sector p\u00fablico y privado, el primer d\u00eda de reinicio, como parte del esfuerzo conjunto para asegurar el aprovechamiento pleno del tiempo de clase.<\/p>\n<p>La instituci\u00f3n record\u00f3 que cada hora de docencia es fundamental para fortalecer los aprendizajes, reducir brechas educativas y avanzar hacia una educaci\u00f3n de mayor calidad para todos.<\/p>\n<p>&nbsp;<\/p>\n<p>*Direcci\u00f3n de Comunicaciones*<\/p>\n<figure id=\"attachment_4486\" aria-describedby=\"caption-attachment-4486\" style=\"width: 300px\" class=\"wp-caption alignnone\"><img loading=\"lazy\" decoding=\"async\" class=\"size-medium wp-image-4486\" src=\"https:\/\/periodicolarepublica.com\/wp-content\/uploads\/2025\/11\/RegularizacionTecnicosDocentes202202-e1764506767153-300x278.png\" alt=\"\" width=\"300\" height=\"278\" srcset=\"https:\/\/periodicolarepublica.com\/wp-content\/uploads\/2025\/11\/RegularizacionTecnicosDocentes202202-e1764506767153-300x278.png 300w, https:\/\/periodicolarepublica.com\/wp-content\/uploads\/2025\/11\/RegularizacionTecnicosDocentes202202-e1764506767153-150x139.png 150w, https:\/\/periodicolarepublica.com\/wp-content\/uploads\/2025\/11\/RegularizacionTecnicosDocentes202202-e1764506767153-600x557.png 600w, https:\/\/periodicolarepublica.com\/wp-content\/uploads\/2025\/11\/RegularizacionTecnicosDocentes202202-e1764506767153-648x603.png 648w, https:\/\/periodicolarepublica.com\/wp-content\/uploads\/2025\/11\/RegularizacionTecnicosDocentes202202-e1764506767153.png 650w\" sizes=\"auto, (max-width: 300px) 100vw, 300px\" \/><figcaption id=\"caption-attachment-4486\" class=\"wp-caption-text\">Mimerd<\/figcaption><\/figure>\n","protected":false},"excerpt":{"rendered":"<p>El Ministerio de Educaci\u00f3n de la Rep\u00fablica Dominicana (Minerd) record\u00f3 a la comunidad educativa que el segundo per\u00edodo de clases del A\u00f1o Escolar 2025-2026 inicia este martes 6 de enero en todos los centros educativos del pa\u00eds, conforme al calendario escolar vigente. La cartera educativa reiter\u00f3 el llamado a padres, madres y tutores a garantizar [&hellip;]<\/p>\n","protected":false},"author":6,"featured_media":4486,"comment_status":"open","ping_status":"open","sticky":false,"template":"","format":"standard","meta":{"om_disable_all_campaigns":false,"_monsterinsights_skip_tracking":false,"_monsterinsights_sitenote_active":false,"_monsterinsights_sitenote_note":"","_monsterinsights_sitenote_category":0,"footnotes":""},"categories":[1],"tags":[],"class_list":{"0":"post-4779","1":"post","2":"type-post","3":"status-publish","4":"format-standard","5":"has-post-thumbnail","7":"category-nacionales"},"aioseo_notices":[],"_links":{"self":[{"href":"https:\/\/periodicolarepublica.com\/index.php\/wp-json\/wp\/v2\/posts\/4779","targetHints":{"allow":["GET"]}}],"collection":[{"href":"https:\/\/periodicolarepublica.com\/index.php\/wp-json\/wp\/v2\/posts"}],"about":[{"href":"https:\/\/periodicolarepublica.com\/index.php\/wp-json\/wp\/v2\/types\/post"}],"author":[{"embeddable":true,"href":"https:\/\/periodicolarepublica.com\/index.php\/wp-json\/wp\/v2\/users\/6"}],"replies":[{"embeddable":true,"href":"https:\/\/periodicolarepublica.com\/index.php\/wp-json\/wp\/v2\/comments?post=4779"}],"version-history":[{"count":1,"href":"https:\/\/periodicolarepublica.com\/index.php\/wp-json\/wp\/v2\/posts\/4779\/revisions"}],"predecessor-version":[{"id":4780,"href":"https:\/\/periodicolarepublica.com\/index.php\/wp-json\/wp\/v2\/posts\/4779\/revisions\/4780"}],"wp:featuredmedia":[{"embeddable":true,"href":"https:\/\/periodicolarepublica.com\/index.php\/wp-json\/wp\/v2\/media\/4486"}],"wp:attachment":[{"href":"https:\/\/periodicolarepublica.com\/index.php\/wp-json\/wp\/v2\/media?parent=4779"}],"wp:term":[{"taxonomy":"category","embeddable":true,"href":"https:\/\/periodicolarepublica.com\/index.php\/wp-json\/wp\/v2\/categories?post=4779"},{"taxonomy":"post_tag","embeddable":true,"href":"https:\/\/periodicolarepublica.com\/index.php\/wp-json\/wp\/v2\/tags?post=4779"}],"curies":[{"name":"wp","href":"https:\/\/api.w.org\/{rel}","templated":true}]}}