{"id":4790,"date":"2026-01-04T14:56:12","date_gmt":"2026-01-04T18:56:12","guid":{"rendered":"https:\/\/periodicolarepublica.com\/?p=4790"},"modified":"2026-01-04T14:56:12","modified_gmt":"2026-01-04T18:56:12","slug":"ruben-dario-del-orbe-fortalece-la-esperanza-infantil-con-masiva-entrega-de-juguetes-por-el-dia-de-los-santos-reyes","status":"publish","type":"post","link":"https:\/\/periodicolarepublica.com\/index.php\/2026\/01\/04\/ruben-dario-del-orbe-fortalece-la-esperanza-infantil-con-masiva-entrega-de-juguetes-por-el-dia-de-los-santos-reyes\/","title":{"rendered":"Rub\u00e9n Dar\u00edo del Orbe fortalece la esperanza infantil con masiva entrega de juguetes por el D\u00eda de los Santos Reyes"},"content":{"rendered":"<p>Santo Domingo, R.D. \u2013 En un gesto de profundo compromiso social y amor por la ni\u00f1ez, el comunitario Rub\u00e9n Dar\u00edo del Orbe realiz\u00f3 una significativa entrega de juguetes a cientos de ni\u00f1os y ni\u00f1as de escasos recursos, con motivo de la celebraci\u00f3n del D\u00eda de los Santos Reyes, llevando alegr\u00eda, ilusi\u00f3n y esperanza a numerosas familias de la comunidad.<\/p>\n<p><img loading=\"lazy\" decoding=\"async\" class=\"alignnone size-medium wp-image-4787\" src=\"https:\/\/periodicolarepublica.com\/wp-content\/uploads\/2026\/01\/IMG-20251227-WA0263-300x226.jpg\" alt=\"\" width=\"300\" height=\"226\" srcset=\"https:\/\/periodicolarepublica.com\/wp-content\/uploads\/2026\/01\/IMG-20251227-WA0263-300x226.jpg?v=1767552821 300w, https:\/\/periodicolarepublica.com\/wp-content\/uploads\/2026\/01\/IMG-20251227-WA0263-1024x771.jpg?v=1767552821 1024w, https:\/\/periodicolarepublica.com\/wp-content\/uploads\/2026\/01\/IMG-20251227-WA0263-768x578.jpg?v=1767552821 768w, https:\/\/periodicolarepublica.com\/wp-content\/uploads\/2026\/01\/IMG-20251227-WA0263-1536x1156.jpg?v=1767552821 1536w, https:\/\/periodicolarepublica.com\/wp-content\/uploads\/2026\/01\/IMG-20251227-WA0263-150x113.jpg?v=1767552821 150w, https:\/\/periodicolarepublica.com\/wp-content\/uploads\/2026\/01\/IMG-20251227-WA0263-600x452.jpg?v=1767552821 600w, https:\/\/periodicolarepublica.com\/wp-content\/uploads\/2026\/01\/IMG-20251227-WA0263-696x524.jpg?v=1767552821 696w, https:\/\/periodicolarepublica.com\/wp-content\/uploads\/2026\/01\/IMG-20251227-WA0263-1392x1047.jpg?v=1767552821 1392w, https:\/\/periodicolarepublica.com\/wp-content\/uploads\/2026\/01\/IMG-20251227-WA0263-1068x804.jpg?v=1767552821 1068w, https:\/\/periodicolarepublica.com\/wp-content\/uploads\/2026\/01\/IMG-20251227-WA0263.jpg?v=1767552821 1600w\" sizes=\"auto, (max-width: 300px) 100vw, 300px\" \/><\/p>\n<p>La actividad, que impact\u00f3 de manera directa a decenas de hogares, reafirma el firme prop\u00f3sito de Rub\u00e9n Dar\u00edo del Orbe de trabajar de manera constante por el bienestar de la ni\u00f1ez, destacando que esta iniciativa no ser\u00e1 un hecho aislado, sino una tradici\u00f3n anual que busca mantener viva la sonrisa de los ni\u00f1os.<\/p>\n<p>&nbsp;<\/p>\n<p>\u201cA partir de hoy asumimos el compromiso de continuar cada a\u00f1o con esta hermosa tradici\u00f3n. Adem\u00e1s de juguetes, estaremos entregando libros, \u00fatiles escolares y otros recursos que realmente necesitan nuestros ni\u00f1os para su desarrollo y formaci\u00f3n\u201d, expres\u00f3.<\/p>\n<p><img loading=\"lazy\" decoding=\"async\" class=\"alignnone size-medium wp-image-4788\" src=\"https:\/\/periodicolarepublica.com\/wp-content\/uploads\/2026\/01\/IMG-20251227-WA0258-300x226.jpg\" alt=\"\" width=\"300\" height=\"226\" srcset=\"https:\/\/periodicolarepublica.com\/wp-content\/uploads\/2026\/01\/IMG-20251227-WA0258-300x226.jpg?v=1767552844 300w, https:\/\/periodicolarepublica.com\/wp-content\/uploads\/2026\/01\/IMG-20251227-WA0258-1024x771.jpg?v=1767552844 1024w, https:\/\/periodicolarepublica.com\/wp-content\/uploads\/2026\/01\/IMG-20251227-WA0258-768x578.jpg?v=1767552844 768w, https:\/\/periodicolarepublica.com\/wp-content\/uploads\/2026\/01\/IMG-20251227-WA0258-1536x1156.jpg?v=1767552844 1536w, https:\/\/periodicolarepublica.com\/wp-content\/uploads\/2026\/01\/IMG-20251227-WA0258-150x113.jpg?v=1767552844 150w, https:\/\/periodicolarepublica.com\/wp-content\/uploads\/2026\/01\/IMG-20251227-WA0258-600x452.jpg?v=1767552844 600w, https:\/\/periodicolarepublica.com\/wp-content\/uploads\/2026\/01\/IMG-20251227-WA0258-696x524.jpg?v=1767552844 696w, https:\/\/periodicolarepublica.com\/wp-content\/uploads\/2026\/01\/IMG-20251227-WA0258-1392x1047.jpg?v=1767552844 1392w, https:\/\/periodicolarepublica.com\/wp-content\/uploads\/2026\/01\/IMG-20251227-WA0258-1068x804.jpg?v=1767552844 1068w, https:\/\/periodicolarepublica.com\/wp-content\/uploads\/2026\/01\/IMG-20251227-WA0258.jpg?v=1767552844 1600w\" sizes=\"auto, (max-width: 300px) 100vw, 300px\" \/><\/p>\n<p>El evento se convirti\u00f3 en una verdadera fiesta comunitaria, donde los ni\u00f1os disfrutaron de un ambiente sano y familiar, con la animaci\u00f3n de un payaso, as\u00ed como la entrega de helados, algod\u00f3n de az\u00facar y m\u00faltiples sorpresas, creando momentos inolvidables para los m\u00e1s peque\u00f1os.<\/p>\n<p>&nbsp;<\/p>\n<p>Padres y comunitarios valoraron de forma positiva esta obra solidaria, resaltando que acciones como esta construyen esperanza, fortalecen valores y demuestran que cuando se trabaja con el coraz\u00f3n, se transforma la vida de las comunidades.<img loading=\"lazy\" decoding=\"async\" class=\"alignnone size-medium wp-image-4791\" src=\"https:\/\/periodicolarepublica.com\/wp-content\/uploads\/2026\/01\/IMG-20251227-WA0266-300x226.jpg\" alt=\"\" width=\"300\" height=\"226\" srcset=\"https:\/\/periodicolarepublica.com\/wp-content\/uploads\/2026\/01\/IMG-20251227-WA0266-300x226.jpg?v=1767552964 300w, https:\/\/periodicolarepublica.com\/wp-content\/uploads\/2026\/01\/IMG-20251227-WA0266-1024x771.jpg?v=1767552964 1024w, https:\/\/periodicolarepublica.com\/wp-content\/uploads\/2026\/01\/IMG-20251227-WA0266-768x578.jpg?v=1767552964 768w, https:\/\/periodicolarepublica.com\/wp-content\/uploads\/2026\/01\/IMG-20251227-WA0266-1536x1156.jpg?v=1767552964 1536w, https:\/\/periodicolarepublica.com\/wp-content\/uploads\/2026\/01\/IMG-20251227-WA0266-150x113.jpg?v=1767552964 150w, https:\/\/periodicolarepublica.com\/wp-content\/uploads\/2026\/01\/IMG-20251227-WA0266-600x452.jpg?v=1767552964 600w, https:\/\/periodicolarepublica.com\/wp-content\/uploads\/2026\/01\/IMG-20251227-WA0266-696x524.jpg?v=1767552964 696w, https:\/\/periodicolarepublica.com\/wp-content\/uploads\/2026\/01\/IMG-20251227-WA0266-1392x1047.jpg?v=1767552964 1392w, https:\/\/periodicolarepublica.com\/wp-content\/uploads\/2026\/01\/IMG-20251227-WA0266-1068x804.jpg?v=1767552964 1068w, https:\/\/periodicolarepublica.com\/wp-content\/uploads\/2026\/01\/IMG-20251227-WA0266.jpg?v=1767552964 1600w\" sizes=\"auto, (max-width: 300px) 100vw, 300px\" \/><\/p>\n","protected":false},"excerpt":{"rendered":"<p>Santo Domingo, R.D. \u2013 En un gesto de profundo compromiso social y amor por la ni\u00f1ez, el comunitario Rub\u00e9n Dar\u00edo del Orbe realiz\u00f3 una significativa entrega de juguetes a cientos de ni\u00f1os y ni\u00f1as de escasos recursos, con motivo de la celebraci\u00f3n del D\u00eda de los Santos Reyes, llevando alegr\u00eda, ilusi\u00f3n y esperanza a numerosas [&hellip;]<\/p>\n","protected":false},"author":10,"featured_media":4787,"comment_status":"open","ping_status":"open","sticky":false,"template":"","format":"standard","meta":{"om_disable_all_campaigns":false,"_monsterinsights_skip_tracking":false,"_monsterinsights_sitenote_active":false,"_monsterinsights_sitenote_note":"","_monsterinsights_sitenote_category":0,"footnotes":""},"categories":[1],"tags":[],"class_list":{"0":"post-4790","1":"post","2":"type-post","3":"status-publish","4":"format-standard","5":"has-post-thumbnail","7":"category-nacionales"},"aioseo_notices":[],"_links":{"self":[{"href":"https:\/\/periodicolarepublica.com\/index.php\/wp-json\/wp\/v2\/posts\/4790","targetHints":{"allow":["GET"]}}],"collection":[{"href":"https:\/\/periodicolarepublica.com\/index.php\/wp-json\/wp\/v2\/posts"}],"about":[{"href":"https:\/\/periodicolarepublica.com\/index.php\/wp-json\/wp\/v2\/types\/post"}],"author":[{"embeddable":true,"href":"https:\/\/periodicolarepublica.com\/index.php\/wp-json\/wp\/v2\/users\/10"}],"replies":[{"embeddable":true,"href":"https:\/\/periodicolarepublica.com\/index.php\/wp-json\/wp\/v2\/comments?post=4790"}],"version-history":[{"count":1,"href":"https:\/\/periodicolarepublica.com\/index.php\/wp-json\/wp\/v2\/posts\/4790\/revisions"}],"predecessor-version":[{"id":4792,"href":"https:\/\/periodicolarepublica.com\/index.php\/wp-json\/wp\/v2\/posts\/4790\/revisions\/4792"}],"wp:featuredmedia":[{"embeddable":true,"href":"https:\/\/periodicolarepublica.com\/index.php\/wp-json\/wp\/v2\/media\/4787"}],"wp:attachment":[{"href":"https:\/\/periodicolarepublica.com\/index.php\/wp-json\/wp\/v2\/media?parent=4790"}],"wp:term":[{"taxonomy":"category","embeddable":true,"href":"https:\/\/periodicolarepublica.com\/index.php\/wp-json\/wp\/v2\/categories?post=4790"},{"taxonomy":"post_tag","embeddable":true,"href":"https:\/\/periodicolarepublica.com\/index.php\/wp-json\/wp\/v2\/tags?post=4790"}],"curies":[{"name":"wp","href":"https:\/\/api.w.org\/{rel}","templated":true}]}}