{"id":4793,"date":"2026-01-04T20:48:56","date_gmt":"2026-01-05T00:48:56","guid":{"rendered":"https:\/\/periodicolarepublica.com\/?p=4793"},"modified":"2026-01-04T20:48:56","modified_gmt":"2026-01-05T00:48:56","slug":"popular-celebra-tradional-dia-de-reyes-un-legado-por-generaciones","status":"publish","type":"post","link":"https:\/\/periodicolarepublica.com\/index.php\/2026\/01\/04\/popular-celebra-tradional-dia-de-reyes-un-legado-por-generaciones\/","title":{"rendered":"Popular celebra tradional d\u00eda de reyes, un legado por generaciones"},"content":{"rendered":"<p>Desde hace decadas, los empleados del Grupo Popular, colaboradores y sus familias celebran con alegr\u00eda la tradicional Fiesta del d\u00eda de los Santos Reyes, manteniendo ese encuentro cargado de ilusi\u00f3n, sonrisas y momentos inolvidables para los m\u00e1s peque\u00f1os.<\/p>\n<p>Tradiciones como la celebraci\u00f3n del D\u00eda de los Santos Reyes reflejan los valores que unen y fortalecen los lazos del Grupo Popular como una gran familia.<\/p>\n<p>Generaciones de empleados y familiares que crecieron asistiendo y ahora llevan a sus propios hijos, disfrutando del show, juegos, y regalos entregados por los Reyes Magos, fortaleciendo el sentido de familia y el bienestar integral de su gente.<\/p>\n<p>&nbsp;<\/p>\n<p>Importante empresa como esta, mantenga una tradici\u00f3n cultural importante para las familias dominicanas y que sirven de integraci\u00f3n con los suyos.<\/p>\n<p>&nbsp;<\/p>\n<p>Felicitaciones al Grupo Popular por mantener esa tradici\u00f3n por generaciones.<\/p>\n<p>&nbsp;<\/p>\n<p>Editorial<\/p>\n<p>M\u00e1ximo Mi\u00f1oso Santoni,<\/p>\n<p>Director Medio La Rep\u00fablica<\/p>\n<p>www.periodicolarepublica.com<\/p>\n<p><img loading=\"lazy\" decoding=\"async\" class=\"alignnone size-medium wp-image-3090\" src=\"https:\/\/periodicolarepublica.com\/wp-content\/uploads\/2025\/04\/bpd250x250-300x158.jpg\" alt=\"\" width=\"300\" height=\"158\" srcset=\"https:\/\/periodicolarepublica.com\/wp-content\/uploads\/2025\/04\/bpd250x250-300x158.jpg 300w, https:\/\/periodicolarepublica.com\/wp-content\/uploads\/2025\/04\/bpd250x250-1024x538.jpg 1024w, https:\/\/periodicolarepublica.com\/wp-content\/uploads\/2025\/04\/bpd250x250-768x403.jpg 768w, https:\/\/periodicolarepublica.com\/wp-content\/uploads\/2025\/04\/bpd250x250-150x79.jpg 150w, https:\/\/periodicolarepublica.com\/wp-content\/uploads\/2025\/04\/bpd250x250-600x315.jpg 600w, https:\/\/periodicolarepublica.com\/wp-content\/uploads\/2025\/04\/bpd250x250-696x365.jpg 696w, https:\/\/periodicolarepublica.com\/wp-content\/uploads\/2025\/04\/bpd250x250-1068x561.jpg 1068w, https:\/\/periodicolarepublica.com\/wp-content\/uploads\/2025\/04\/bpd250x250.jpg 1200w\" sizes=\"auto, (max-width: 300px) 100vw, 300px\" \/><\/p>\n","protected":false},"excerpt":{"rendered":"<p>Desde hace decadas, los empleados del Grupo Popular, colaboradores y sus familias celebran con alegr\u00eda la tradicional Fiesta del d\u00eda de los Santos Reyes, manteniendo ese encuentro cargado de ilusi\u00f3n, sonrisas y momentos inolvidables para los m\u00e1s peque\u00f1os. Tradiciones como la celebraci\u00f3n del D\u00eda de los Santos Reyes reflejan los valores que unen y fortalecen [&hellip;]<\/p>\n","protected":false},"author":1,"featured_media":3090,"comment_status":"open","ping_status":"open","sticky":false,"template":"","format":"standard","meta":{"om_disable_all_campaigns":false,"_monsterinsights_skip_tracking":false,"_monsterinsights_sitenote_active":false,"_monsterinsights_sitenote_note":"","_monsterinsights_sitenote_category":0,"footnotes":""},"categories":[1],"tags":[36,119],"class_list":{"0":"post-4793","1":"post","2":"type-post","3":"status-publish","4":"format-standard","5":"has-post-thumbnail","7":"category-nacionales","8":"tag-banco-popular","9":"tag-popularenlinea-com"},"aioseo_notices":[],"_links":{"self":[{"href":"https:\/\/periodicolarepublica.com\/index.php\/wp-json\/wp\/v2\/posts\/4793","targetHints":{"allow":["GET"]}}],"collection":[{"href":"https:\/\/periodicolarepublica.com\/index.php\/wp-json\/wp\/v2\/posts"}],"about":[{"href":"https:\/\/periodicolarepublica.com\/index.php\/wp-json\/wp\/v2\/types\/post"}],"author":[{"embeddable":true,"href":"https:\/\/periodicolarepublica.com\/index.php\/wp-json\/wp\/v2\/users\/1"}],"replies":[{"embeddable":true,"href":"https:\/\/periodicolarepublica.com\/index.php\/wp-json\/wp\/v2\/comments?post=4793"}],"version-history":[{"count":1,"href":"https:\/\/periodicolarepublica.com\/index.php\/wp-json\/wp\/v2\/posts\/4793\/revisions"}],"predecessor-version":[{"id":4794,"href":"https:\/\/periodicolarepublica.com\/index.php\/wp-json\/wp\/v2\/posts\/4793\/revisions\/4794"}],"wp:featuredmedia":[{"embeddable":true,"href":"https:\/\/periodicolarepublica.com\/index.php\/wp-json\/wp\/v2\/media\/3090"}],"wp:attachment":[{"href":"https:\/\/periodicolarepublica.com\/index.php\/wp-json\/wp\/v2\/media?parent=4793"}],"wp:term":[{"taxonomy":"category","embeddable":true,"href":"https:\/\/periodicolarepublica.com\/index.php\/wp-json\/wp\/v2\/categories?post=4793"},{"taxonomy":"post_tag","embeddable":true,"href":"https:\/\/periodicolarepublica.com\/index.php\/wp-json\/wp\/v2\/tags?post=4793"}],"curies":[{"name":"wp","href":"https:\/\/api.w.org\/{rel}","templated":true}]}}