{"id":4795,"date":"2026-01-04T21:21:22","date_gmt":"2026-01-05T01:21:22","guid":{"rendered":"https:\/\/periodicolarepublica.com\/?p=4795"},"modified":"2026-01-04T21:21:22","modified_gmt":"2026-01-05T01:21:22","slug":"cap-cana-se-proyecta-como-referente-del-turismo-deportivo-rumbo-a-fitur-2026","status":"publish","type":"post","link":"https:\/\/periodicolarepublica.com\/index.php\/2026\/01\/04\/cap-cana-se-proyecta-como-referente-del-turismo-deportivo-rumbo-a-fitur-2026\/","title":{"rendered":"Cap Cana se proyecta como referente del turismo deportivo rumbo a FITUR 2026"},"content":{"rendered":"<p>&nbsp;<\/p>\n<p>En el marco de FITUR 2026, Rep\u00fablica Dominicana dar\u00e1 un paso decisivo para consolidarse como referente mundial del turismo deportivo, y Cap Cana se posiciona como uno de los grandes protagonistas de esta visi\u00f3n pa\u00eds. Este liderazgo no solo se basa en infraestructura de primer nivel y eventos internacionales, sino tambi\u00e9n en una mirada moderna del turismo: diverso, innovador, humano e inclusivo.<\/p>\n<p>Cap Cana emerge un destino pionero y consolidado en turismo deportivo y de lujo, con capacidad para albergar eventos internacionales y ofrecer experiencias de clase mundial la convierte en un modelo a seguir dentro del Caribe.<\/p>\n<p>La conocida Ciudad Destino, cuenta con infraestructura de excelencia, como:<\/p>\n<p>Punta Espada Golf Club, reconocido entre los mejores campos de golf del mundo.<\/p>\n<p>Marina Cap Cana, referente regional para deportes n\u00e1uticos, pesca deportiva y yachting, hoteles, residencias y servicios alineados con est\u00e1ndares internacionales<\/p>\n<p>Experiencia de eventos deportivos de alto perfil, el cu\u00e1l \u00e9ste destino ha demostrado su capacidad organizativa y atractivo global siendo sede de eventos como:<\/p>\n<p>Rep\u00fablica Dominicana Open 2025<\/p>\n<p>ATP Challenger<\/p>\n<p>Ironman 70.3<\/p>\n<p>Torneos internacionales de pesca deportiva y golf<\/p>\n<p>Estos eventos no solo atraen atletas y espectadores de alto poder adquisitivo, sino que posicionan a Cap Cana como un hub deportivo y tur\u00edstico de prestigio internacional.<\/p>\n<p>&nbsp;<\/p>\n<p>M\u00e1ximo Mi\u00f1oso Santoni<\/p>\n<p>Director Medio La Rep\u00fablica<\/p>\n<p>www.periodicolarepublica.com<\/p>\n<figure id=\"attachment_4796\" aria-describedby=\"caption-attachment-4796\" style=\"width: 300px\" class=\"wp-caption alignnone\"><img loading=\"lazy\" decoding=\"async\" class=\"size-medium wp-image-4796\" src=\"https:\/\/periodicolarepublica.com\/wp-content\/uploads\/2026\/01\/CAP-CANA-MARINA1-300x246.jpg\" alt=\"\" width=\"300\" height=\"246\" srcset=\"https:\/\/periodicolarepublica.com\/wp-content\/uploads\/2026\/01\/CAP-CANA-MARINA1-300x246.jpg 300w, https:\/\/periodicolarepublica.com\/wp-content\/uploads\/2026\/01\/CAP-CANA-MARINA1-1024x841.jpg 1024w, https:\/\/periodicolarepublica.com\/wp-content\/uploads\/2026\/01\/CAP-CANA-MARINA1-768x631.jpg 768w, https:\/\/periodicolarepublica.com\/wp-content\/uploads\/2026\/01\/CAP-CANA-MARINA1-1536x1262.jpg 1536w, https:\/\/periodicolarepublica.com\/wp-content\/uploads\/2026\/01\/CAP-CANA-MARINA1-2048x1683.jpg 2048w, https:\/\/periodicolarepublica.com\/wp-content\/uploads\/2026\/01\/CAP-CANA-MARINA1-150x123.jpg 150w, https:\/\/periodicolarepublica.com\/wp-content\/uploads\/2026\/01\/CAP-CANA-MARINA1-600x493.jpg 600w, https:\/\/periodicolarepublica.com\/wp-content\/uploads\/2026\/01\/CAP-CANA-MARINA1-696x572.jpg 696w, https:\/\/periodicolarepublica.com\/wp-content\/uploads\/2026\/01\/CAP-CANA-MARINA1-1392x1144.jpg 1392w, https:\/\/periodicolarepublica.com\/wp-content\/uploads\/2026\/01\/CAP-CANA-MARINA1-1068x878.jpg 1068w, https:\/\/periodicolarepublica.com\/wp-content\/uploads\/2026\/01\/CAP-CANA-MARINA1-1920x1578.jpg 1920w\" sizes=\"auto, (max-width: 300px) 100vw, 300px\" \/><figcaption id=\"caption-attachment-4796\" class=\"wp-caption-text\">Cap Cana<\/figcaption><\/figure>\n<p>&nbsp;<\/p>\n<p>&nbsp;<\/p>\n","protected":false},"excerpt":{"rendered":"<p>&nbsp; En el marco de FITUR 2026, Rep\u00fablica Dominicana dar\u00e1 un paso decisivo para consolidarse como referente mundial del turismo deportivo, y Cap Cana se posiciona como uno de los grandes protagonistas de esta visi\u00f3n pa\u00eds. Este liderazgo no solo se basa en infraestructura de primer nivel y eventos internacionales, sino tambi\u00e9n en una mirada [&hellip;]<\/p>\n","protected":false},"author":1,"featured_media":4796,"comment_status":"open","ping_status":"open","sticky":false,"template":"","format":"standard","meta":{"om_disable_all_campaigns":false,"_monsterinsights_skip_tracking":false,"_monsterinsights_sitenote_active":false,"_monsterinsights_sitenote_note":"","_monsterinsights_sitenote_category":0,"footnotes":""},"categories":[1],"tags":[459,77],"class_list":{"0":"post-4795","1":"post","2":"type-post","3":"status-publish","4":"format-standard","5":"has-post-thumbnail","7":"category-nacionales","8":"tag-cap-cana","9":"tag-fitur"},"aioseo_notices":[],"_links":{"self":[{"href":"https:\/\/periodicolarepublica.com\/index.php\/wp-json\/wp\/v2\/posts\/4795","targetHints":{"allow":["GET"]}}],"collection":[{"href":"https:\/\/periodicolarepublica.com\/index.php\/wp-json\/wp\/v2\/posts"}],"about":[{"href":"https:\/\/periodicolarepublica.com\/index.php\/wp-json\/wp\/v2\/types\/post"}],"author":[{"embeddable":true,"href":"https:\/\/periodicolarepublica.com\/index.php\/wp-json\/wp\/v2\/users\/1"}],"replies":[{"embeddable":true,"href":"https:\/\/periodicolarepublica.com\/index.php\/wp-json\/wp\/v2\/comments?post=4795"}],"version-history":[{"count":1,"href":"https:\/\/periodicolarepublica.com\/index.php\/wp-json\/wp\/v2\/posts\/4795\/revisions"}],"predecessor-version":[{"id":4797,"href":"https:\/\/periodicolarepublica.com\/index.php\/wp-json\/wp\/v2\/posts\/4795\/revisions\/4797"}],"wp:featuredmedia":[{"embeddable":true,"href":"https:\/\/periodicolarepublica.com\/index.php\/wp-json\/wp\/v2\/media\/4796"}],"wp:attachment":[{"href":"https:\/\/periodicolarepublica.com\/index.php\/wp-json\/wp\/v2\/media?parent=4795"}],"wp:term":[{"taxonomy":"category","embeddable":true,"href":"https:\/\/periodicolarepublica.com\/index.php\/wp-json\/wp\/v2\/categories?post=4795"},{"taxonomy":"post_tag","embeddable":true,"href":"https:\/\/periodicolarepublica.com\/index.php\/wp-json\/wp\/v2\/tags?post=4795"}],"curies":[{"name":"wp","href":"https:\/\/api.w.org\/{rel}","templated":true}]}}