{"id":4798,"date":"2026-01-05T13:02:18","date_gmt":"2026-01-05T17:02:18","guid":{"rendered":"https:\/\/periodicolarepublica.com\/?p=4798"},"modified":"2026-01-05T13:02:18","modified_gmt":"2026-01-05T17:02:18","slug":"encarna-pinero-acompanara-a-la-delegacion-dominicana-en-fitur","status":"publish","type":"post","link":"https:\/\/periodicolarepublica.com\/index.php\/2026\/01\/05\/encarna-pinero-acompanara-a-la-delegacion-dominicana-en-fitur\/","title":{"rendered":"Encarna Pi\u00f1ero acompa\u00f1ar\u00e1 a la delegaci\u00f3n dominicana en FITUR"},"content":{"rendered":"<p>La participaci\u00f3n de Rep\u00fablica Dominicana en FITUR contar\u00e1 con una figura clave del turismo internacional. Encarna Pi\u00f1ero, CEO del Grupo Pi\u00f1ero y presidenta de Inverotel, acompa\u00f1ar\u00e1 a la delegaci\u00f3n dominicana que encabezar\u00e1 el ministro de Turismo, David Collado, reforzando el posicionamiento del pa\u00eds como uno de los destinos m\u00e1s s\u00f3lidos y estrat\u00e9gicos del Caribe.<\/p>\n<p>Reconocida por su amplia trayectoria y visi\u00f3n global, Encarna Pi\u00f1ero es una apasionada del sector tur\u00edstico y una firme defensora de un liderazgo transformador, enfocado en el desarrollo de las capacidades, el talento humano y la creaci\u00f3n de valor sostenible a largo plazo. Su compromiso con la diversidad, la innovaci\u00f3n y la sostenibilidad empresarial la ha convertido en una de las voces m\u00e1s influyentes del turismo iberoamericano.<\/p>\n<p>Desde la presidencia de Inverotel, Pi\u00f1ero lidera una de las asociaciones hoteleras m\u00e1s relevantes del \u00e1mbito tur\u00edstico.<\/p>\n<p>&nbsp;<\/p>\n<p>M\u00e1ximo Mi\u00f1oso Santoni,<\/p>\n<p>Director Medio La Rep\u00fablica<\/p>\n<figure id=\"attachment_4799\" aria-describedby=\"caption-attachment-4799\" style=\"width: 300px\" class=\"wp-caption alignnone\"><img loading=\"lazy\" decoding=\"async\" class=\"wp-image-4799 size-medium\" src=\"https:\/\/periodicolarepublica.com\/wp-content\/uploads\/2026\/01\/images-17-e1767632449720-300x275.jpeg\" alt=\"\" width=\"300\" height=\"275\" srcset=\"https:\/\/periodicolarepublica.com\/wp-content\/uploads\/2026\/01\/images-17-e1767632449720-300x275.jpeg 300w, https:\/\/periodicolarepublica.com\/wp-content\/uploads\/2026\/01\/images-17-e1767632449720-150x138.jpeg 150w, https:\/\/periodicolarepublica.com\/wp-content\/uploads\/2026\/01\/images-17-e1767632449720.jpeg 312w\" sizes=\"auto, (max-width: 300px) 100vw, 300px\" \/><figcaption id=\"caption-attachment-4799\" class=\"wp-caption-text\">Encarna Pi\u00f1ero<\/figcaption><\/figure>\n","protected":false},"excerpt":{"rendered":"<p>La participaci\u00f3n de Rep\u00fablica Dominicana en FITUR contar\u00e1 con una figura clave del turismo internacional. Encarna Pi\u00f1ero, CEO del Grupo Pi\u00f1ero y presidenta de Inverotel, acompa\u00f1ar\u00e1 a la delegaci\u00f3n dominicana que encabezar\u00e1 el ministro de Turismo, David Collado, reforzando el posicionamiento del pa\u00eds como uno de los destinos m\u00e1s s\u00f3lidos y estrat\u00e9gicos del Caribe. Reconocida [&hellip;]<\/p>\n","protected":false},"author":1,"featured_media":4799,"comment_status":"open","ping_status":"open","sticky":false,"template":"","format":"standard","meta":{"om_disable_all_campaigns":false,"_monsterinsights_skip_tracking":false,"_monsterinsights_sitenote_active":false,"_monsterinsights_sitenote_note":"","_monsterinsights_sitenote_category":0,"footnotes":""},"categories":[1,20],"tags":[513],"class_list":{"0":"post-4798","1":"post","2":"type-post","3":"status-publish","4":"format-standard","5":"has-post-thumbnail","7":"category-nacionales","8":"category-turismo","9":"tag-encarna-pinero"},"aioseo_notices":[],"_links":{"self":[{"href":"https:\/\/periodicolarepublica.com\/index.php\/wp-json\/wp\/v2\/posts\/4798","targetHints":{"allow":["GET"]}}],"collection":[{"href":"https:\/\/periodicolarepublica.com\/index.php\/wp-json\/wp\/v2\/posts"}],"about":[{"href":"https:\/\/periodicolarepublica.com\/index.php\/wp-json\/wp\/v2\/types\/post"}],"author":[{"embeddable":true,"href":"https:\/\/periodicolarepublica.com\/index.php\/wp-json\/wp\/v2\/users\/1"}],"replies":[{"embeddable":true,"href":"https:\/\/periodicolarepublica.com\/index.php\/wp-json\/wp\/v2\/comments?post=4798"}],"version-history":[{"count":2,"href":"https:\/\/periodicolarepublica.com\/index.php\/wp-json\/wp\/v2\/posts\/4798\/revisions"}],"predecessor-version":[{"id":4801,"href":"https:\/\/periodicolarepublica.com\/index.php\/wp-json\/wp\/v2\/posts\/4798\/revisions\/4801"}],"wp:featuredmedia":[{"embeddable":true,"href":"https:\/\/periodicolarepublica.com\/index.php\/wp-json\/wp\/v2\/media\/4799"}],"wp:attachment":[{"href":"https:\/\/periodicolarepublica.com\/index.php\/wp-json\/wp\/v2\/media?parent=4798"}],"wp:term":[{"taxonomy":"category","embeddable":true,"href":"https:\/\/periodicolarepublica.com\/index.php\/wp-json\/wp\/v2\/categories?post=4798"},{"taxonomy":"post_tag","embeddable":true,"href":"https:\/\/periodicolarepublica.com\/index.php\/wp-json\/wp\/v2\/tags?post=4798"}],"curies":[{"name":"wp","href":"https:\/\/api.w.org\/{rel}","templated":true}]}}