{"id":4802,"date":"2026-01-05T21:52:15","date_gmt":"2026-01-06T01:52:15","guid":{"rendered":"https:\/\/periodicolarepublica.com\/?p=4802"},"modified":"2026-01-05T23:21:52","modified_gmt":"2026-01-06T03:21:52","slug":"4802","status":"publish","type":"post","link":"https:\/\/periodicolarepublica.com\/index.php\/2026\/01\/05\/4802\/","title":{"rendered":"BANRESERVAS junto a delegaci\u00f3n dominicana rumbo a Fitur 2026 a buscar m\u00e1s inversi\u00f3n extranjera"},"content":{"rendered":"<p>El Ministro de Turismo David Collado anunci\u00f3 las instituciones financieras que le estar\u00e1n haciendo compa\u00f1\u00eda en la pr\u00f3xima feria de turismo en Madrid, Espa\u00f1a la muy conocida FITUR\u00a0 y entre \u00e9stas el Banco del Reservas.<\/p>\n<p>Con la esperada participaci\u00f3n en la importante feria de su presidente ejecutivo Don Leonardo Aguilera, qui\u00e9n acompa\u00f1ado de todo un equipo de experimentados en estos negocios y del sector tur\u00edstico como Ysidro Garc\u00eda, vicepresidente ejecutivo senior de Negocios, la vicepresidenta de Negocios Tur\u00edsticos, Deyanira Pappaterra, junto a otros ejecutivos a la b\u00fasqueda de seguir captando grandes inversiones para el sector tur\u00edstico.<\/p>\n<p>Aguilera Batista, un experimentado economista y consultor polititico, va como impulsor del desarrollo econ\u00f3mico, y un compromiso de la instituci\u00f3n con el impulso del turismo en la Rep\u00fablica Dominicana, en los lineamientos de crecimiento que lleva el gobierno del presidente Lu\u00eds Abinader.<\/p>\n<p>Editorial por<\/p>\n<p>M\u00e1ximo Mi\u00f1oso Santoni,<\/p>\n<p>Director Medio La Rep\u00fablica<\/p>\n<p>www.periodicolarepublica.com<\/p>\n<figure id=\"attachment_4803\" aria-describedby=\"caption-attachment-4803\" style=\"width: 300px\" class=\"wp-caption alignnone\"><img loading=\"lazy\" decoding=\"async\" class=\"wp-image-4803 size-medium\" src=\"https:\/\/periodicolarepublica.com\/wp-content\/uploads\/2026\/01\/Screenshot_20260105_213811_Instagram1-300x182.jpg\" alt=\"\" width=\"300\" height=\"182\" \/><figcaption id=\"caption-attachment-4803\" class=\"wp-caption-text\">Banreservas<\/figcaption><\/figure>\n<p>&nbsp;<\/p>\n","protected":false},"excerpt":{"rendered":"<p>El Ministro de Turismo David Collado anunci\u00f3 las instituciones financieras que le estar\u00e1n haciendo compa\u00f1\u00eda en la pr\u00f3xima feria de turismo en Madrid, Espa\u00f1a la muy conocida FITUR\u00a0 y entre \u00e9stas el Banco del Reservas. Con la esperada participaci\u00f3n en la importante feria de su presidente ejecutivo Don Leonardo Aguilera, qui\u00e9n acompa\u00f1ado de todo un [&hellip;]<\/p>\n","protected":false},"author":1,"featured_media":4803,"comment_status":"open","ping_status":"open","sticky":false,"template":"","format":"standard","meta":{"om_disable_all_campaigns":false,"_monsterinsights_skip_tracking":false,"_monsterinsights_sitenote_active":false,"_monsterinsights_sitenote_note":"","_monsterinsights_sitenote_category":0,"footnotes":""},"categories":[33,1],"tags":[9],"class_list":{"0":"post-4802","1":"post","2":"type-post","3":"status-publish","4":"format-standard","5":"has-post-thumbnail","7":"category-canal-financiero","8":"category-nacionales","9":"tag-banreservas"},"aioseo_notices":[],"_links":{"self":[{"href":"https:\/\/periodicolarepublica.com\/index.php\/wp-json\/wp\/v2\/posts\/4802","targetHints":{"allow":["GET"]}}],"collection":[{"href":"https:\/\/periodicolarepublica.com\/index.php\/wp-json\/wp\/v2\/posts"}],"about":[{"href":"https:\/\/periodicolarepublica.com\/index.php\/wp-json\/wp\/v2\/types\/post"}],"author":[{"embeddable":true,"href":"https:\/\/periodicolarepublica.com\/index.php\/wp-json\/wp\/v2\/users\/1"}],"replies":[{"embeddable":true,"href":"https:\/\/periodicolarepublica.com\/index.php\/wp-json\/wp\/v2\/comments?post=4802"}],"version-history":[{"count":3,"href":"https:\/\/periodicolarepublica.com\/index.php\/wp-json\/wp\/v2\/posts\/4802\/revisions"}],"predecessor-version":[{"id":4806,"href":"https:\/\/periodicolarepublica.com\/index.php\/wp-json\/wp\/v2\/posts\/4802\/revisions\/4806"}],"wp:featuredmedia":[{"embeddable":true,"href":"https:\/\/periodicolarepublica.com\/index.php\/wp-json\/wp\/v2\/media\/4803"}],"wp:attachment":[{"href":"https:\/\/periodicolarepublica.com\/index.php\/wp-json\/wp\/v2\/media?parent=4802"}],"wp:term":[{"taxonomy":"category","embeddable":true,"href":"https:\/\/periodicolarepublica.com\/index.php\/wp-json\/wp\/v2\/categories?post=4802"},{"taxonomy":"post_tag","embeddable":true,"href":"https:\/\/periodicolarepublica.com\/index.php\/wp-json\/wp\/v2\/tags?post=4802"}],"curies":[{"name":"wp","href":"https:\/\/api.w.org\/{rel}","templated":true}]}}