{"id":4815,"date":"2026-01-06T12:12:20","date_gmt":"2026-01-06T16:12:20","guid":{"rendered":"https:\/\/periodicolarepublica.com\/?p=4815"},"modified":"2026-01-06T12:12:20","modified_gmt":"2026-01-06T16:12:20","slug":"gianilda-vasquez-de-la-mision-consular-al-compromiso-social-una-gestion-con-rostro-humano","status":"publish","type":"post","link":"https:\/\/periodicolarepublica.com\/index.php\/2026\/01\/06\/gianilda-vasquez-de-la-mision-consular-al-compromiso-social-una-gestion-con-rostro-humano\/","title":{"rendered":"Gianilda V\u00e1squez de la misi\u00f3n consular al compromiso social: una gesti\u00f3n con rostro humano"},"content":{"rendered":"<p style=\"text-align: left;\">Gianilda V\u00e1squez ha demostrado que el servicio p\u00fablico puede trascender los l\u00edmites tradicionales de la diplomacia para convertirse en una verdadera herramienta de transformaci\u00f3n social.<\/p>\n<p style=\"text-align: left;\">Desde que asumi\u00f3 en 2023 el cargo de C\u00f3nsul General de la Rep\u00fablica Dominicana en Miami, su gesti\u00f3n ha estado marcada por una visi\u00f3n clara: poner a las personas en el centro de la acci\u00f3n institucional.<\/p>\n<p>Lejos de concebir la misi\u00f3n consular \u00fanicamente como un espacio administrativo o protocolar, V\u00e1squez impuls\u00f3 un enfoque renovado, orientado a la dedicaci\u00f3n al trabajo social, al acompa\u00f1amiento comunitario y a la defensa de los derechos de los dominicanos en el exterior.<\/p>\n<p>Bajo su liderazgo, el consulado se convirti\u00f3 en un punto de apoyo cercano para la di\u00e1spora, promoviendo iniciativas de orientaci\u00f3n legal, asistencia social, educaci\u00f3n c\u00edvica y fortalecimiento del v\u00ednculo cultural con la Rep\u00fablica Dominicana.<\/p>\n<p>El paso de Gianilda V\u00e1squez hacia el Gabinete de Pol\u00edtica Social representa una evoluci\u00f3n natural de su vocaci\u00f3n de servicio. Desde este espacio estrat\u00e9gico, tendr\u00e1 la oportunidad de incidir directamente en el dise\u00f1o y la implementaci\u00f3n de pol\u00edticas p\u00fablicas orientadas a la protecci\u00f3n de los sectores m\u00e1s vulnerables.<\/p>\n<p><img loading=\"lazy\" decoding=\"async\" class=\"alignnone size-medium wp-image-4816\" src=\"https:\/\/periodicolarepublica.com\/wp-content\/uploads\/2026\/01\/Geanilda-Vasquez-e1767434792460-300x295.jpg\" alt=\"\" width=\"300\" height=\"295\" srcset=\"https:\/\/periodicolarepublica.com\/wp-content\/uploads\/2026\/01\/Geanilda-Vasquez-e1767434792460-300x295.jpg 300w, https:\/\/periodicolarepublica.com\/wp-content\/uploads\/2026\/01\/Geanilda-Vasquez-e1767434792460-768x754.jpg 768w, https:\/\/periodicolarepublica.com\/wp-content\/uploads\/2026\/01\/Geanilda-Vasquez-e1767434792460-150x147.jpg 150w, https:\/\/periodicolarepublica.com\/wp-content\/uploads\/2026\/01\/Geanilda-Vasquez-e1767434792460-600x589.jpg 600w, https:\/\/periodicolarepublica.com\/wp-content\/uploads\/2026\/01\/Geanilda-Vasquez-e1767434792460-696x684.jpg 696w, https:\/\/periodicolarepublica.com\/wp-content\/uploads\/2026\/01\/Geanilda-Vasquez-e1767434792460.jpg 893w\" sizes=\"auto, (max-width: 300px) 100vw, 300px\" \/><\/p>\n<p>&nbsp;<\/p>\n<p>&nbsp;<\/p>\n<p>&nbsp;<\/p>\n<p>&nbsp;<\/p>\n","protected":false},"excerpt":{"rendered":"<p>Gianilda V\u00e1squez ha demostrado que el servicio p\u00fablico puede trascender los l\u00edmites tradicionales de la diplomacia para convertirse en una verdadera herramienta de transformaci\u00f3n social. Desde que asumi\u00f3 en 2023 el cargo de C\u00f3nsul General de la Rep\u00fablica Dominicana en Miami, su gesti\u00f3n ha estado marcada por una visi\u00f3n clara: poner a las personas en [&hellip;]<\/p>\n","protected":false},"author":1,"featured_media":4816,"comment_status":"open","ping_status":"open","sticky":false,"template":"","format":"standard","meta":{"om_disable_all_campaigns":false,"_monsterinsights_skip_tracking":false,"_monsterinsights_sitenote_active":false,"_monsterinsights_sitenote_note":"","_monsterinsights_sitenote_category":0,"footnotes":""},"categories":[1],"tags":[514],"class_list":{"0":"post-4815","1":"post","2":"type-post","3":"status-publish","4":"format-standard","5":"has-post-thumbnail","7":"category-nacionales","8":"tag-geanilda-vasquez"},"aioseo_notices":[],"_links":{"self":[{"href":"https:\/\/periodicolarepublica.com\/index.php\/wp-json\/wp\/v2\/posts\/4815","targetHints":{"allow":["GET"]}}],"collection":[{"href":"https:\/\/periodicolarepublica.com\/index.php\/wp-json\/wp\/v2\/posts"}],"about":[{"href":"https:\/\/periodicolarepublica.com\/index.php\/wp-json\/wp\/v2\/types\/post"}],"author":[{"embeddable":true,"href":"https:\/\/periodicolarepublica.com\/index.php\/wp-json\/wp\/v2\/users\/1"}],"replies":[{"embeddable":true,"href":"https:\/\/periodicolarepublica.com\/index.php\/wp-json\/wp\/v2\/comments?post=4815"}],"version-history":[{"count":1,"href":"https:\/\/periodicolarepublica.com\/index.php\/wp-json\/wp\/v2\/posts\/4815\/revisions"}],"predecessor-version":[{"id":4817,"href":"https:\/\/periodicolarepublica.com\/index.php\/wp-json\/wp\/v2\/posts\/4815\/revisions\/4817"}],"wp:featuredmedia":[{"embeddable":true,"href":"https:\/\/periodicolarepublica.com\/index.php\/wp-json\/wp\/v2\/media\/4816"}],"wp:attachment":[{"href":"https:\/\/periodicolarepublica.com\/index.php\/wp-json\/wp\/v2\/media?parent=4815"}],"wp:term":[{"taxonomy":"category","embeddable":true,"href":"https:\/\/periodicolarepublica.com\/index.php\/wp-json\/wp\/v2\/categories?post=4815"},{"taxonomy":"post_tag","embeddable":true,"href":"https:\/\/periodicolarepublica.com\/index.php\/wp-json\/wp\/v2\/tags?post=4815"}],"curies":[{"name":"wp","href":"https:\/\/api.w.org\/{rel}","templated":true}]}}