{"id":4818,"date":"2026-01-06T17:48:01","date_gmt":"2026-01-06T21:48:01","guid":{"rendered":"https:\/\/periodicolarepublica.com\/?p=4818"},"modified":"2026-01-06T17:48:01","modified_gmt":"2026-01-06T21:48:01","slug":"banco-popular-rumbo-a-fitur-a-consolidar-su-liderazgo-como-el-banco-del-turismo-dominicano","status":"publish","type":"post","link":"https:\/\/periodicolarepublica.com\/index.php\/2026\/01\/06\/banco-popular-rumbo-a-fitur-a-consolidar-su-liderazgo-como-el-banco-del-turismo-dominicano\/","title":{"rendered":"Banco Popular rumbo a FITUR a consolidar su liderazgo como el Banco del Turismo dominicano"},"content":{"rendered":"<p>En el marco de FITUR 2026, que ya se aproxima, el Banco Popular Dominicano va rumbo a reafirmar su posici\u00f3n como gran aliado financiero del sector tur\u00edstico nacional, para seguir consolid\u00e1ndose una vez m\u00e1s como su aut\u00e9ntico slogan \u201cBanco del Turismo\u201d de la Rep\u00fablica Dominicana.<\/p>\n<p>Por lo tanto, con su presencia estrat\u00e9gica en esta feria internacional no solo representa participaci\u00f3n de la banca sino liderazgo activo en la negociaci\u00f3n de miles de millones de d\u00f3lares en inversiones destinadas a nuevos proyectos hoteleros y desarrollos tur\u00edsticos.<\/p>\n<p>Su delegaci\u00f3n estar\u00e1 encabezada por el liderazgo del presidente ejecutivo Christopher Paniagua, el cu\u00e1l mediante su gesti\u00f3n sigue posicionando al banco como referente regional, junto a \u00e9l, Luis Esp\u00ednola, qui\u00e9n es el vicepresidente ejecutivo senior de Negocios Nacionales e Internacionales, desempe\u00f1a un rol clave en la estructuraci\u00f3n de grandes operaciones financieras, facilitando alianzas estrat\u00e9gicas y Juan Manuel Mart\u00edn de Oliva, vicepresidente de Negocios Tur\u00edsticos aporta una vasta experiencia y profundo conocimiento del sector.<\/p>\n<p>Con una banca s\u00f3lida, estrat\u00e9gica y comprometida, el Banco Popular contin\u00faa marcando la direcci\u00f3n del desarrollo tur\u00edstico, impulsando inversiones responsables y fortaleciendo su rol como el Banco del Turismo de la Rep\u00fablica Dominicana.<\/p>\n<p>M\u00e1ximo Mi\u00f1oso Santoni<\/p>\n<p>Director Medio La Rep\u00fablica<\/p>\n<p>www.periodicolarepublica.com<\/p>\n<p><img loading=\"lazy\" decoding=\"async\" class=\"alignnone size-medium wp-image-4819 alignright\" src=\"https:\/\/periodicolarepublica.com\/wp-content\/uploads\/2026\/01\/Screenshot_20260106_153357_Instagram1-300x195.jpg\" alt=\"\" width=\"300\" height=\"195\" srcset=\"https:\/\/periodicolarepublica.com\/wp-content\/uploads\/2026\/01\/Screenshot_20260106_153357_Instagram1-300x195.jpg 300w, https:\/\/periodicolarepublica.com\/wp-content\/uploads\/2026\/01\/Screenshot_20260106_153357_Instagram1-1024x665.jpg 1024w, https:\/\/periodicolarepublica.com\/wp-content\/uploads\/2026\/01\/Screenshot_20260106_153357_Instagram1-768x498.jpg 768w, https:\/\/periodicolarepublica.com\/wp-content\/uploads\/2026\/01\/Screenshot_20260106_153357_Instagram1-1536x997.jpg 1536w, https:\/\/periodicolarepublica.com\/wp-content\/uploads\/2026\/01\/Screenshot_20260106_153357_Instagram1-2048x1329.jpg 2048w, https:\/\/periodicolarepublica.com\/wp-content\/uploads\/2026\/01\/Screenshot_20260106_153357_Instagram1-150x97.jpg 150w, https:\/\/periodicolarepublica.com\/wp-content\/uploads\/2026\/01\/Screenshot_20260106_153357_Instagram1-600x389.jpg 600w, https:\/\/periodicolarepublica.com\/wp-content\/uploads\/2026\/01\/Screenshot_20260106_153357_Instagram1-696x452.jpg 696w, https:\/\/periodicolarepublica.com\/wp-content\/uploads\/2026\/01\/Screenshot_20260106_153357_Instagram1-1392x904.jpg 1392w, https:\/\/periodicolarepublica.com\/wp-content\/uploads\/2026\/01\/Screenshot_20260106_153357_Instagram1-1068x693.jpg 1068w, https:\/\/periodicolarepublica.com\/wp-content\/uploads\/2026\/01\/Screenshot_20260106_153357_Instagram1-1920x1246.jpg 1920w\" sizes=\"auto, (max-width: 300px) 100vw, 300px\" \/><\/p>\n","protected":false},"excerpt":{"rendered":"<p>En el marco de FITUR 2026, que ya se aproxima, el Banco Popular Dominicano va rumbo a reafirmar su posici\u00f3n como gran aliado financiero del sector tur\u00edstico nacional, para seguir consolid\u00e1ndose una vez m\u00e1s como su aut\u00e9ntico slogan \u201cBanco del Turismo\u201d de la Rep\u00fablica Dominicana. Por lo tanto, con su presencia estrat\u00e9gica en esta feria [&hellip;]<\/p>\n","protected":false},"author":1,"featured_media":4819,"comment_status":"open","ping_status":"open","sticky":false,"template":"","format":"standard","meta":{"om_disable_all_campaigns":false,"_monsterinsights_skip_tracking":false,"_monsterinsights_sitenote_active":false,"_monsterinsights_sitenote_note":"","_monsterinsights_sitenote_category":0,"footnotes":""},"categories":[33,1],"tags":[36,77],"class_list":{"0":"post-4818","1":"post","2":"type-post","3":"status-publish","4":"format-standard","5":"has-post-thumbnail","7":"category-canal-financiero","8":"category-nacionales","9":"tag-banco-popular","10":"tag-fitur"},"aioseo_notices":[],"_links":{"self":[{"href":"https:\/\/periodicolarepublica.com\/index.php\/wp-json\/wp\/v2\/posts\/4818","targetHints":{"allow":["GET"]}}],"collection":[{"href":"https:\/\/periodicolarepublica.com\/index.php\/wp-json\/wp\/v2\/posts"}],"about":[{"href":"https:\/\/periodicolarepublica.com\/index.php\/wp-json\/wp\/v2\/types\/post"}],"author":[{"embeddable":true,"href":"https:\/\/periodicolarepublica.com\/index.php\/wp-json\/wp\/v2\/users\/1"}],"replies":[{"embeddable":true,"href":"https:\/\/periodicolarepublica.com\/index.php\/wp-json\/wp\/v2\/comments?post=4818"}],"version-history":[{"count":1,"href":"https:\/\/periodicolarepublica.com\/index.php\/wp-json\/wp\/v2\/posts\/4818\/revisions"}],"predecessor-version":[{"id":4820,"href":"https:\/\/periodicolarepublica.com\/index.php\/wp-json\/wp\/v2\/posts\/4818\/revisions\/4820"}],"wp:featuredmedia":[{"embeddable":true,"href":"https:\/\/periodicolarepublica.com\/index.php\/wp-json\/wp\/v2\/media\/4819"}],"wp:attachment":[{"href":"https:\/\/periodicolarepublica.com\/index.php\/wp-json\/wp\/v2\/media?parent=4818"}],"wp:term":[{"taxonomy":"category","embeddable":true,"href":"https:\/\/periodicolarepublica.com\/index.php\/wp-json\/wp\/v2\/categories?post=4818"},{"taxonomy":"post_tag","embeddable":true,"href":"https:\/\/periodicolarepublica.com\/index.php\/wp-json\/wp\/v2\/tags?post=4818"}],"curies":[{"name":"wp","href":"https:\/\/api.w.org\/{rel}","templated":true}]}}