{"id":482,"date":"2024-03-19T19:36:44","date_gmt":"2024-03-19T18:36:44","guid":{"rendered":"https:\/\/periodicolarepublica.com\/?p=482"},"modified":"2024-03-19T19:36:44","modified_gmt":"2024-03-19T18:36:44","slug":"iad-aclara-no-ha-dispuesto-desalojo-en-las-70-de-montecristi","status":"publish","type":"post","link":"https:\/\/periodicolarepublica.com\/index.php\/2024\/03\/19\/iad-aclara-no-ha-dispuesto-desalojo-en-las-70-de-montecristi\/","title":{"rendered":"IAD aclara no ha dispuesto desalojo en \u201cLas 70\u201d de Montecristi"},"content":{"rendered":"<p><img loading=\"lazy\" decoding=\"async\" class=\"alignnone size-medium wp-image-483\" src=\"https:\/\/periodicolarepublica.com\/wp-content\/uploads\/2024\/03\/Picsart_24-03-19_13-20-36-031-300x158.jpg\" alt=\"\" width=\"300\" height=\"158\" srcset=\"https:\/\/periodicolarepublica.com\/wp-content\/uploads\/2024\/03\/Picsart_24-03-19_13-20-36-031-300x158.jpg?v=1715379808 300w, https:\/\/periodicolarepublica.com\/wp-content\/uploads\/2024\/03\/Picsart_24-03-19_13-20-36-031-1024x538.jpg?v=1715379808 1024w, https:\/\/periodicolarepublica.com\/wp-content\/uploads\/2024\/03\/Picsart_24-03-19_13-20-36-031-768x403.jpg?v=1715379808 768w, https:\/\/periodicolarepublica.com\/wp-content\/uploads\/2024\/03\/Picsart_24-03-19_13-20-36-031-1536x807.jpg?v=1715379808 1536w, https:\/\/periodicolarepublica.com\/wp-content\/uploads\/2024\/03\/Picsart_24-03-19_13-20-36-031-2048x1075.jpg?v=1715379808 2048w, https:\/\/periodicolarepublica.com\/wp-content\/uploads\/2024\/03\/Picsart_24-03-19_13-20-36-031-150x79.jpg?v=1715379808 150w, https:\/\/periodicolarepublica.com\/wp-content\/uploads\/2024\/03\/Picsart_24-03-19_13-20-36-031-600x315.jpg?v=1715379808 600w, https:\/\/periodicolarepublica.com\/wp-content\/uploads\/2024\/03\/Picsart_24-03-19_13-20-36-031-696x365.jpg?v=1715379808 696w, https:\/\/periodicolarepublica.com\/wp-content\/uploads\/2024\/03\/Picsart_24-03-19_13-20-36-031-1392x731.jpg?v=1715379808 1392w, https:\/\/periodicolarepublica.com\/wp-content\/uploads\/2024\/03\/Picsart_24-03-19_13-20-36-031-1068x561.jpg?v=1715379808 1068w, https:\/\/periodicolarepublica.com\/wp-content\/uploads\/2024\/03\/Picsart_24-03-19_13-20-36-031-1920x1008.jpg?v=1715379808 1920w\" sizes=\"auto, (max-width: 300px) 100vw, 300px\" \/><\/p>\n<p>El encargado del Departamento Cibao Noroeste del Instituto Agrario Dominicano (IAD), Juan Mart\u00ednez Pimentel (Guancho) aclar\u00f3 que ese organismo no tiene ning\u00fan inter\u00e9s en desalojar parceleros de la zona conocida como \u201cLas 70\u201d, temores difundidos por un canal de televisi\u00f3n.<\/p>\n<p>Mart\u00ednez Pimentel calific\u00f3 como una noticia falsa la publicaci\u00f3n que da cuenta sobre el supuesto inter\u00e9s del IAD en desalojar los parceleros de \u201cLas 70\u201d, lo que no ha sido contemplado entre los planes que desarrolla la instituci\u00f3n en la provincia por instrucciones del director general, Francisco Guillermo Garc\u00eda.<\/p>\n<p>En un video elaborado por la Oficina Regional de Montecristi, el funcionario explica que se reuni\u00f3 con las asociaciones campesinas que externaron sus preocupaciones y les aclar\u00f3 que no deben aguardar ning\u00fan temor sobre su estabilidad en los predios que ocupan.<\/p>\n<p>\u201cEsa denuncia de una supuesta amenaza de desalojo de asociaciones campesinas ubicadas en Las 70 se trata de una noticia falsa que no sabemos con qu\u00e9 intereses oscuros ha sido divulgada\u201d, expres\u00f3 el encargado departamental del IAD con asiento en Montecristi, tras reportes del corresponsal de la zona C\u00e9sar Montecinos divulgados por un canal de televisi\u00f3n de la capital.<\/p>\n<p>Los denunciantes, ubicados entre las provincias Montecristi y Dajab\u00f3n, se refirieron a supuestos comentarios en torno a un asentamiento que se har\u00eda en predios que ocupan desde hace m\u00e1s de treinta a\u00f1os.<\/p>\n<p>Una nota informativa del Departamento de Comunicaciones del IAD sostiene que el director general Garc\u00eda mantiene abiertas las puertas de su despacho para atender las inquietudes de los productores del sector reformado, a quienes exhort\u00f3 de no prestar atenci\u00f3n a las noticias falsas que se divulgan por redes sociales y otros m<\/p>\n<p>edios.<\/p>\n","protected":false},"excerpt":{"rendered":"<p>El encargado del Departamento Cibao Noroeste del Instituto Agrario Dominicano (IAD), Juan Mart\u00ednez Pimentel (Guancho) aclar\u00f3 que ese organismo no tiene ning\u00fan inter\u00e9s en desalojar parceleros de la zona conocida como \u201cLas 70\u201d, temores difundidos por un canal de televisi\u00f3n. Mart\u00ednez Pimentel calific\u00f3 como una noticia falsa la publicaci\u00f3n que da cuenta sobre el supuesto [&hellip;]<\/p>\n","protected":false},"author":1,"featured_media":483,"comment_status":"open","ping_status":"open","sticky":false,"template":"","format":"standard","meta":{"om_disable_all_campaigns":false,"_monsterinsights_skip_tracking":false,"_monsterinsights_sitenote_active":false,"_monsterinsights_sitenote_note":"","_monsterinsights_sitenote_category":0,"footnotes":""},"categories":[1],"tags":[142,143],"class_list":{"0":"post-482","1":"post","2":"type-post","3":"status-publish","4":"format-standard","5":"has-post-thumbnail","7":"category-nacionales","8":"tag-iad","9":"tag-montecristi"},"aioseo_notices":[],"_links":{"self":[{"href":"https:\/\/periodicolarepublica.com\/index.php\/wp-json\/wp\/v2\/posts\/482","targetHints":{"allow":["GET"]}}],"collection":[{"href":"https:\/\/periodicolarepublica.com\/index.php\/wp-json\/wp\/v2\/posts"}],"about":[{"href":"https:\/\/periodicolarepublica.com\/index.php\/wp-json\/wp\/v2\/types\/post"}],"author":[{"embeddable":true,"href":"https:\/\/periodicolarepublica.com\/index.php\/wp-json\/wp\/v2\/users\/1"}],"replies":[{"embeddable":true,"href":"https:\/\/periodicolarepublica.com\/index.php\/wp-json\/wp\/v2\/comments?post=482"}],"version-history":[{"count":1,"href":"https:\/\/periodicolarepublica.com\/index.php\/wp-json\/wp\/v2\/posts\/482\/revisions"}],"predecessor-version":[{"id":484,"href":"https:\/\/periodicolarepublica.com\/index.php\/wp-json\/wp\/v2\/posts\/482\/revisions\/484"}],"wp:featuredmedia":[{"embeddable":true,"href":"https:\/\/periodicolarepublica.com\/index.php\/wp-json\/wp\/v2\/media\/483"}],"wp:attachment":[{"href":"https:\/\/periodicolarepublica.com\/index.php\/wp-json\/wp\/v2\/media?parent=482"}],"wp:term":[{"taxonomy":"category","embeddable":true,"href":"https:\/\/periodicolarepublica.com\/index.php\/wp-json\/wp\/v2\/categories?post=482"},{"taxonomy":"post_tag","embeddable":true,"href":"https:\/\/periodicolarepublica.com\/index.php\/wp-json\/wp\/v2\/tags?post=482"}],"curies":[{"name":"wp","href":"https:\/\/api.w.org\/{rel}","templated":true}]}}