{"id":4822,"date":"2026-01-08T15:01:19","date_gmt":"2026-01-08T19:01:19","guid":{"rendered":"https:\/\/periodicolarepublica.com\/?p=4822"},"modified":"2026-01-08T15:01:47","modified_gmt":"2026-01-08T19:01:47","slug":"rd-alcanza-record-historico-en-llegada-1-4-millones-de-visitantes-en-diciembre-y-11676901-en-todo-el-ano","status":"publish","type":"post","link":"https:\/\/periodicolarepublica.com\/index.php\/2026\/01\/08\/rd-alcanza-record-historico-en-llegada-1-4-millones-de-visitantes-en-diciembre-y-11676901-en-todo-el-ano\/","title":{"rendered":"RD alcanza r\u00e9cord hist\u00f3rico en llegada: 1.4 millones de visitantes en diciembre y 11,676,901 en todo el a\u00f1o."},"content":{"rendered":"<p>Rep\u00fablica Dominicana alcanz\u00f3 el hist\u00f3rico r\u00e9cord de 11,676,901 de visitantes durante el pasado a\u00f1o, inform\u00f3 el ministro de Turismo, David Collado.<\/p>\n<p>&nbsp;<\/p>\n<p>Al dar a conocer los resultados del comportamiento de la industria en el periodo enero-diciembre, en un hotel de la capital, Collado se\u00f1al\u00f3 que la llegada de visitantes del a\u00f1o pasado represent\u00f3 un crecimiento de un 37,8% con relaci\u00f3n al 2022, un 13,3% respecto al 2023 y un 4,3% comparaci\u00f3n al a\u00f1o pasado.<\/p>\n<p>&nbsp;<\/p>\n<p>El funcionario manifest\u00f3 que s\u00f3lo por la v\u00eda a\u00e9rea el pa\u00eds recibi\u00f3 8,861,169 turistas, lo que representa un crecimiento de un 23,7% respecto al 2022, un 10% con relaci\u00f3n al 2023 y 3.8% en comparaci\u00f3n del 2024.<\/p>\n<p><img loading=\"lazy\" decoding=\"async\" class=\"alignnone size-medium wp-image-4823\" src=\"https:\/\/periodicolarepublica.com\/wp-content\/uploads\/2026\/01\/IMG-20260108-WA0093-300x200.jpg\" alt=\"\" width=\"300\" height=\"200\" srcset=\"https:\/\/periodicolarepublica.com\/wp-content\/uploads\/2026\/01\/IMG-20260108-WA0093-300x200.jpg 300w, https:\/\/periodicolarepublica.com\/wp-content\/uploads\/2026\/01\/IMG-20260108-WA0093-1024x683.jpg 1024w, https:\/\/periodicolarepublica.com\/wp-content\/uploads\/2026\/01\/IMG-20260108-WA0093-768x512.jpg 768w, https:\/\/periodicolarepublica.com\/wp-content\/uploads\/2026\/01\/IMG-20260108-WA0093-1536x1024.jpg 1536w, https:\/\/periodicolarepublica.com\/wp-content\/uploads\/2026\/01\/IMG-20260108-WA0093-150x100.jpg 150w, https:\/\/periodicolarepublica.com\/wp-content\/uploads\/2026\/01\/IMG-20260108-WA0093-600x400.jpg 600w, https:\/\/periodicolarepublica.com\/wp-content\/uploads\/2026\/01\/IMG-20260108-WA0093-696x464.jpg 696w, https:\/\/periodicolarepublica.com\/wp-content\/uploads\/2026\/01\/IMG-20260108-WA0093-1392x928.jpg 1392w, https:\/\/periodicolarepublica.com\/wp-content\/uploads\/2026\/01\/IMG-20260108-WA0093-1068x712.jpg 1068w, https:\/\/periodicolarepublica.com\/wp-content\/uploads\/2026\/01\/IMG-20260108-WA0093.jpg 1599w\" sizes=\"auto, (max-width: 300px) 100vw, 300px\" \/><\/p>\n","protected":false},"excerpt":{"rendered":"<p>Rep\u00fablica Dominicana alcanz\u00f3 el hist\u00f3rico r\u00e9cord de 11,676,901 de visitantes durante el pasado a\u00f1o, inform\u00f3 el ministro de Turismo, David Collado. &nbsp; Al dar a conocer los resultados del comportamiento de la industria en el periodo enero-diciembre, en un hotel de la capital, Collado se\u00f1al\u00f3 que la llegada de visitantes del a\u00f1o pasado represent\u00f3 un [&hellip;]<\/p>\n","protected":false},"author":6,"featured_media":4823,"comment_status":"open","ping_status":"open","sticky":false,"template":"","format":"standard","meta":{"om_disable_all_campaigns":false,"_monsterinsights_skip_tracking":false,"_monsterinsights_sitenote_active":false,"_monsterinsights_sitenote_note":"","_monsterinsights_sitenote_category":0,"footnotes":""},"categories":[1],"tags":[],"class_list":{"0":"post-4822","1":"post","2":"type-post","3":"status-publish","4":"format-standard","5":"has-post-thumbnail","7":"category-nacionales"},"aioseo_notices":[],"_links":{"self":[{"href":"https:\/\/periodicolarepublica.com\/index.php\/wp-json\/wp\/v2\/posts\/4822","targetHints":{"allow":["GET"]}}],"collection":[{"href":"https:\/\/periodicolarepublica.com\/index.php\/wp-json\/wp\/v2\/posts"}],"about":[{"href":"https:\/\/periodicolarepublica.com\/index.php\/wp-json\/wp\/v2\/types\/post"}],"author":[{"embeddable":true,"href":"https:\/\/periodicolarepublica.com\/index.php\/wp-json\/wp\/v2\/users\/6"}],"replies":[{"embeddable":true,"href":"https:\/\/periodicolarepublica.com\/index.php\/wp-json\/wp\/v2\/comments?post=4822"}],"version-history":[{"count":1,"href":"https:\/\/periodicolarepublica.com\/index.php\/wp-json\/wp\/v2\/posts\/4822\/revisions"}],"predecessor-version":[{"id":4824,"href":"https:\/\/periodicolarepublica.com\/index.php\/wp-json\/wp\/v2\/posts\/4822\/revisions\/4824"}],"wp:featuredmedia":[{"embeddable":true,"href":"https:\/\/periodicolarepublica.com\/index.php\/wp-json\/wp\/v2\/media\/4823"}],"wp:attachment":[{"href":"https:\/\/periodicolarepublica.com\/index.php\/wp-json\/wp\/v2\/media?parent=4822"}],"wp:term":[{"taxonomy":"category","embeddable":true,"href":"https:\/\/periodicolarepublica.com\/index.php\/wp-json\/wp\/v2\/categories?post=4822"},{"taxonomy":"post_tag","embeddable":true,"href":"https:\/\/periodicolarepublica.com\/index.php\/wp-json\/wp\/v2\/tags?post=4822"}],"curies":[{"name":"wp","href":"https:\/\/api.w.org\/{rel}","templated":true}]}}