{"id":4825,"date":"2026-01-09T16:15:48","date_gmt":"2026-01-09T20:15:48","guid":{"rendered":"https:\/\/periodicolarepublica.com\/?p=4825"},"modified":"2026-01-09T16:15:48","modified_gmt":"2026-01-09T20:15:48","slug":"idac-cerro-el-2025-con-217620-operaciones-aereas-en-la-republica-dominicana","status":"publish","type":"post","link":"https:\/\/periodicolarepublica.com\/index.php\/2026\/01\/09\/idac-cerro-el-2025-con-217620-operaciones-aereas-en-la-republica-dominicana\/","title":{"rendered":"IDAC cerr\u00f3 el 2025 con 217,620 operaciones a\u00e9reas en la Rep\u00fablica Dominicana"},"content":{"rendered":"<p>&nbsp;<\/p>\n<p>Estas operaciones permitieron la movilizaci\u00f3n de m\u00e1s de 19.6 millones de pasajeros<\/p>\n<p>Santo Domingo.\u2013 El director general del Instituto Dominicano de Aviaci\u00f3n Civil (IDAC), Igor Rodr\u00edguez Dur\u00e1n, inform\u00f3 a trav\u00e9s de sus redes sociales, que al cierre del a\u00f1o 2025 la Rep\u00fablica Dominicana registr\u00f3 un total de 217,620 operaciones a\u00e9reas, lo que permiti\u00f3 el transporte de 19,676,193 pasajeros a trav\u00e9s de los aeropuertos del pa\u00eds.<\/p>\n<p>&nbsp;<\/p>\n<p>El titular del IDAC destac\u00f3 que estas cifras reflejan de manera significativa el aporte del sector aeron\u00e1utico al crecimiento y fortalecimiento de la econom\u00eda nacional, as\u00ed como la confianza de los usuarios en el sistema de aviaci\u00f3n civil dominicano.<\/p>\n<p>&nbsp;<\/p>\n<p>\u201cMi reconocimiento al personal del IDAC por el excelente trabajo realizado durante todo el a\u00f1o para garantizar la calidad de cada proceso y la seguridad de las operaciones a\u00e9reas\u201d, expres\u00f3 el funcionario.<\/p>\n<p>&nbsp;<\/p>\n<p>El IDAC reafirma su compromiso de continuar fortaleciendo la seguridad operacional, la eficiencia de los servicios y el desarrollo sostenible del sector aeron\u00e1utico en la Rep\u00fablica Dominicana.<\/p>\n<p>&nbsp;<\/p>\n<p>Rodr\u00edguez adelant\u00f3 que en el mes de febrero dejar\u00e1n en operaci\u00f3n el tercer radar Doppler Meteorol\u00f3gico Banda C en el Complejo Aeron\u00e1utico Dominicano, pr\u00f3ximo al Aeropuerto Internacional Las Am\u00e9ricas, equipo que se unir\u00e1 a los ya instalados en la Loma Isabel de Torres de Puerto Plata y Punta Cana, lo que permitir\u00e1 una triangulaci\u00f3n de la informaci\u00f3n y total cobertura del territorio nacional.<\/p>\n<p>&nbsp;<\/p>\n<p>Adem\u00e1s, expres\u00f3 que est\u00e1n en proceso para la compra de todos los equipos que ser\u00e1n instalados en el Aeropuerto Internacional de Cabo Rojo en Pedernales, agreg\u00f3 que este a\u00f1o tambi\u00e9n se tiene previsto instalar en el Aeropuerto Internacional del Cibao un moderno radar primario y secundario, todo esto como parte de los esfuerzos por seguir fortaleciendo las operaciones a\u00e9reas en el pa\u00eds.<\/p>\n<p><img loading=\"lazy\" decoding=\"async\" class=\"alignnone size-medium wp-image-4826\" src=\"https:\/\/periodicolarepublica.com\/wp-content\/uploads\/2026\/01\/IMG-20260109-WA0045-scaled-e1767989718116-300x263.jpg\" alt=\"\" width=\"300\" height=\"263\" srcset=\"https:\/\/periodicolarepublica.com\/wp-content\/uploads\/2026\/01\/IMG-20260109-WA0045-scaled-e1767989718116-300x263.jpg 300w, https:\/\/periodicolarepublica.com\/wp-content\/uploads\/2026\/01\/IMG-20260109-WA0045-scaled-e1767989718116-1024x897.jpg 1024w, https:\/\/periodicolarepublica.com\/wp-content\/uploads\/2026\/01\/IMG-20260109-WA0045-scaled-e1767989718116-768x673.jpg 768w, https:\/\/periodicolarepublica.com\/wp-content\/uploads\/2026\/01\/IMG-20260109-WA0045-scaled-e1767989718116-150x131.jpg 150w, https:\/\/periodicolarepublica.com\/wp-content\/uploads\/2026\/01\/IMG-20260109-WA0045-scaled-e1767989718116-600x526.jpg 600w, https:\/\/periodicolarepublica.com\/wp-content\/uploads\/2026\/01\/IMG-20260109-WA0045-scaled-e1767989718116-696x610.jpg 696w, https:\/\/periodicolarepublica.com\/wp-content\/uploads\/2026\/01\/IMG-20260109-WA0045-scaled-e1767989718116-1392x1220.jpg 1392w, https:\/\/periodicolarepublica.com\/wp-content\/uploads\/2026\/01\/IMG-20260109-WA0045-scaled-e1767989718116-1068x936.jpg 1068w, https:\/\/periodicolarepublica.com\/wp-content\/uploads\/2026\/01\/IMG-20260109-WA0045-scaled-e1767989718116.jpg 1430w\" sizes=\"auto, (max-width: 300px) 100vw, 300px\" \/><\/p>\n","protected":false},"excerpt":{"rendered":"<p>&nbsp; Estas operaciones permitieron la movilizaci\u00f3n de m\u00e1s de 19.6 millones de pasajeros Santo Domingo.\u2013 El director general del Instituto Dominicano de Aviaci\u00f3n Civil (IDAC), Igor Rodr\u00edguez Dur\u00e1n, inform\u00f3 a trav\u00e9s de sus redes sociales, que al cierre del a\u00f1o 2025 la Rep\u00fablica Dominicana registr\u00f3 un total de 217,620 operaciones a\u00e9reas, lo que permiti\u00f3 el [&hellip;]<\/p>\n","protected":false},"author":6,"featured_media":4826,"comment_status":"open","ping_status":"open","sticky":false,"template":"","format":"standard","meta":{"om_disable_all_campaigns":false,"_monsterinsights_skip_tracking":false,"_monsterinsights_sitenote_active":false,"_monsterinsights_sitenote_note":"","_monsterinsights_sitenote_category":0,"footnotes":""},"categories":[1],"tags":[],"class_list":{"0":"post-4825","1":"post","2":"type-post","3":"status-publish","4":"format-standard","5":"has-post-thumbnail","7":"category-nacionales"},"aioseo_notices":[],"_links":{"self":[{"href":"https:\/\/periodicolarepublica.com\/index.php\/wp-json\/wp\/v2\/posts\/4825","targetHints":{"allow":["GET"]}}],"collection":[{"href":"https:\/\/periodicolarepublica.com\/index.php\/wp-json\/wp\/v2\/posts"}],"about":[{"href":"https:\/\/periodicolarepublica.com\/index.php\/wp-json\/wp\/v2\/types\/post"}],"author":[{"embeddable":true,"href":"https:\/\/periodicolarepublica.com\/index.php\/wp-json\/wp\/v2\/users\/6"}],"replies":[{"embeddable":true,"href":"https:\/\/periodicolarepublica.com\/index.php\/wp-json\/wp\/v2\/comments?post=4825"}],"version-history":[{"count":1,"href":"https:\/\/periodicolarepublica.com\/index.php\/wp-json\/wp\/v2\/posts\/4825\/revisions"}],"predecessor-version":[{"id":4827,"href":"https:\/\/periodicolarepublica.com\/index.php\/wp-json\/wp\/v2\/posts\/4825\/revisions\/4827"}],"wp:featuredmedia":[{"embeddable":true,"href":"https:\/\/periodicolarepublica.com\/index.php\/wp-json\/wp\/v2\/media\/4826"}],"wp:attachment":[{"href":"https:\/\/periodicolarepublica.com\/index.php\/wp-json\/wp\/v2\/media?parent=4825"}],"wp:term":[{"taxonomy":"category","embeddable":true,"href":"https:\/\/periodicolarepublica.com\/index.php\/wp-json\/wp\/v2\/categories?post=4825"},{"taxonomy":"post_tag","embeddable":true,"href":"https:\/\/periodicolarepublica.com\/index.php\/wp-json\/wp\/v2\/tags?post=4825"}],"curies":[{"name":"wp","href":"https:\/\/api.w.org\/{rel}","templated":true}]}}